{"id":93089,"date":"2019-06-29T15:48:41","date_gmt":"2019-06-29T13:48:41","guid":{"rendered":"https:\/\/zjarr.tv\/?p=93089"},"modified":"2019-06-29T15:48:41","modified_gmt":"2019-06-29T13:48:41","slug":"tabaku-kryebashkiakja-e-roskovecit-kercenon-qytetarin-voto-ose-te-heq-kemp-in","status":"publish","type":"post","link":"https:\/\/zjarr.tv\/sq\/tabaku-kryebashkiakja-e-roskovecit-kercenon-qytetarin-voto-ose-te-heq-kemp-in\/","title":{"rendered":"Tabaku: Kryebashkiakja e Roskovecit k\u00ebrc\u00ebnon qytetarin: Voto, ose t\u00eb heq KEMP-in"},"content":{"rendered":"<p>Edhe pse heshtje zgjedhore, dita e shtun\u00eb ka qen\u00eb nd\u00ebr m\u00eb aktivet p\u00ebr opozit\u00ebn. Ish-deputetja, Jorida Tabaku, denoncoi nga selia blu, dhun\u00ebn shtet\u00ebrore q\u00eb sipas saj klika e Edi Ram\u00ebs po ushtron ndaj shqiptar\u00ebve, p\u00ebr t\u2019i detyruar t\u00eb marrin pjes\u00eb n\u00eb procesin fars\u00eb e t\u00eb paligjsh\u00ebm t\u00eb 30 qershorit.<\/p>\n<p>Tabaku tha se Edi Rama \u00ebsht\u00eb i gatsh\u00ebm t\u00eb nd\u00ebshkoj\u00eb p\u00ebr karrigen e tij edhe invalid\u00ebt, me heqjen e buk\u00ebs s\u00eb goj\u00ebs n\u00ebse nuk votojn\u00eb regjimin n\u00eb ikje t\u00eb tij.<\/p>\n<p><em>&#8220;Jo vet\u00ebm dhun\u00eb ndaj m\u00ebsuesve, mjek\u00ebve dhe punonj\u00ebsve t\u00eb administrat\u00ebs, por d\u00ebshp\u00ebrimi i ka \u00e7uar vart\u00ebsit e Edi Ram\u00ebs n\u00ebp\u00ebr bashki t\u00eb ushtrojn\u00eb dhun\u00eb edhe ndaj m\u00eb t\u00eb pambrojturve, ndaj invalid\u00ebve. D\u00ebshmit\u00eb e familjar\u00ebve t\u00eb tyre provojn\u00eb s\u00eb Majlinda Bufi e Bashkis\u00eb s\u00eb Roskovecit, ka arritur deri aty sa t\u00eb k\u00ebrc\u00ebnoj\u00eb qytetar\u00eb me aft\u00ebsi t\u00eb kufizuara p\u00ebr heqje kempi, e vetmja mund\u00ebsi q\u00eb shumica e tyre kan\u00eb p\u00ebr t\u00eb mbajtur frym\u00ebn gjall\u00eb.&#8221;<\/em><\/p>\n<p>Partia Demokratike fton \u00e7do qytetar t\u00eb mos bie pre e provokimeve t\u00eb Edi Ram\u00ebs.<\/p>\n<p><strong>Deklarata e plot\u00eb e Tabakut<\/strong><br \/>\n<em>Dhuna shtet\u00ebrore q\u00eb klika e Edi Ram\u00ebs po ushtron ndaj shqiptar\u00ebve, p\u00ebr t\u2019i detyruar t\u00eb marrin pjes\u00eb n\u00eb procesin fars\u00eb e t\u00eb paligjsh\u00ebm t\u00eb 30 qershorit nuk po kursen ask\u00ebnd.<\/em><\/p>\n<p><em>Jo vet\u00ebm dhun\u00eb ndaj m\u00ebsuesve, mjek\u00ebve dhe punonj\u00ebsve t\u00eb administrat\u00ebs, por d\u00ebshp\u00ebrimi i ka \u00e7uar vart\u00ebsit e Edi Ram\u00ebs n\u00ebp\u00ebr bashki t\u00eb ushtrojn\u00eb dhun\u00eb edhe ndaj m\u00eb t\u00eb pambrojturve, ndaj invalid\u00ebve.<\/em><\/p>\n<p><em>D\u00ebshmit\u00eb e familjar\u00ebve t\u00eb tyre provojn\u00eb s\u00eb Majlinda Bufi e Bashkis\u00eb s\u00eb Roskovecit, ka arritur deri aty sa t\u00eb k\u00ebrc\u00ebnoj\u00eb qytetar\u00eb me aft\u00ebsi t\u00eb kufizuara p\u00ebr heqje kempi, e vetmja mund\u00ebsi q\u00eb shumica e tyre kan\u00eb p\u00ebr t\u00eb mbajtur frym\u00ebn gjall\u00eb.<\/em><\/p>\n<p><em>D\u00ebshmia revoltuese sesi regjimi i Edi Ram\u00ebs \u00ebsht\u00eb i gatsh\u00ebm t\u00eb nd\u00ebshkoj\u00eb p\u00ebr karrigen e tij, me heqjen e buk\u00ebs s\u00eb goj\u00ebs disa fatkeq\u00ebve, vjen nga djali i madh i nj\u00eb familjeje pa baba, me 3 djem me shikim t\u00eb kufizuar dhe me dy vajza me aft\u00ebsi ndryshe.<\/em><\/p>\n<p><em>Megjith\u00ebse kjo d\u00ebshmi \u00ebsht\u00eb b\u00ebr\u00eb publike prej disa or\u00ebsh n\u00eb mediat q\u00eb nuk kontrollehen nga regjimi n\u00eb ikje i Edi Ram\u00ebs, nuk ka asnj\u00eb reagim nga asnj\u00eb institucion.<\/em><\/p>\n<p><em>Pas k\u00ebsaj prove t\u00eb sjelljes mizore t\u00eb kryebashkiakes s\u00eb Roskovesit, q\u00ebndron fytyra e v\u00ebrtet\u00eb e regjimit t\u00eb Edi Ram\u00ebs.<\/em><\/p>\n<p><em>Ai \u00ebsht\u00eb i gatsh\u00ebm t\u00eb l\u00ebr\u00eb pa buk\u00eb, pa ndihm\u00eb ekonomike dhe pa sh\u00ebrbime \u00e7dok\u00ebnd q\u00eb nuk I sh\u00ebrben pushtetit t\u00eb tij personal dhe regjimit t\u00eb tij kriminal.<\/em><\/p>\n<p><em>Qytetar\u00ebt nuk pranojn\u00eb kurr\u00eb dhun\u00ebn shtet\u00ebrore t\u00eb Edi Ram\u00ebs, q\u00eb p\u00ebr karrigen e tij, \u00ebsht\u00eb gati t\u00eb shkat\u00ebrroj\u00eb gjith\u00e7ka.<\/em><\/p>\n<p><em>Shqiptar\u00ebt jan\u00eb gati t\u00eb reagojn\u00eb si qytetar\u00eb europian kund\u00ebr instalimit t\u00eb nj\u00eb diktature t\u00eb re n\u00eb Shqip\u00ebri.<\/em><\/p>\n<p><em>Edi Rama k\u00ebrkon viktima ndaj nxit konflikt me dhun\u00ebn shtet\u00ebrore dhe banditeske kund\u00ebr qytetar\u00ebve t\u00eb pafajsh\u00ebm.<\/em><\/p>\n<p><em>Por ne nuk duhet t\u00eb lejojm\u00eb q\u00eb asnj\u00eb fije floku i asnj\u00eb shqiptari t\u00eb preket p\u00ebr t\u2019i zgajtur jet\u00ebn k\u00ebtij regjimi n\u00eb grahmat e fundit.<\/em><\/p>\n<p><em>Partia Demokratike fton \u00e7do qytetar t\u00eb mos bie pre e provokimeve t\u00eb Edi Ram\u00ebs.<\/em><\/p>\n<p><em>Refuzojeni Edi Ram\u00ebn!<\/em><\/p>\n<p><em>Braktiseni Edi Ram\u00ebn!<\/em><\/p>\n<p><em>Bojkotojeni Edi Ram\u00ebn!<\/em><\/p>\n<p><em>Sfidojeni dhe mos iu p\u00ebrkulni presionit t\u00eb tij p\u00ebr t\u00eb dal\u00eb n\u00eb votimet fars\u00eb!<\/em><\/p>\n<p><em>Filmoni, regjistroni, fotografoni dhe denonconi cdo dhunim, presion, dhun\u00eb, fallsfikim, mashtrim q\u00eb regjimi i tij b\u00ebn.<\/em><\/p>\n<p><em>T\u00eb bashkuar ne jemi shumica, ne jemi forca dhe garancia e ndryshimt q\u00eb po vjen.<\/em><\/p>\n<p>&nbsp;<\/p>\n","protected":false},"excerpt":{"rendered":"<p>Edhe pse heshtje zgjedhore, dita e shtun\u00eb ka qen\u00eb nd\u00ebr m\u00eb aktivet p\u00ebr opozit\u00ebn. Ish-deputetja, Jorida Tabaku, denoncoi nga selia blu, dhun\u00ebn shtet\u00ebrore q\u00eb sipas saj klika e Edi Ram\u00ebs po ushtron ndaj shqiptar\u00ebve, p\u00ebr t\u2019i detyruar t\u00eb marrin pjes\u00eb n\u00eb procesin fars\u00eb e t\u00eb paligjsh\u00ebm t\u00eb 30 qershorit. Tabaku tha se Edi Rama \u00ebsht\u00eb [&hellip;]<\/p>\n","protected":false},"author":2013,"featured_media":93210,"comment_status":"open","ping_status":"closed","sticky":false,"template":"","format":"standard","meta":{"footnotes":""},"categories":[1],"tags":[],"class_list":{"0":"post-93089","1":"post","2":"type-post","3":"status-publish","4":"format-standard","5":"has-post-thumbnail","7":"category-uncategorized-sq"},"_links":{"self":[{"href":"https:\/\/zjarr.tv\/sq\/wp-json\/wp\/v2\/posts\/93089","targetHints":{"allow":["GET"]}}],"collection":[{"href":"https:\/\/zjarr.tv\/sq\/wp-json\/wp\/v2\/posts"}],"about":[{"href":"https:\/\/zjarr.tv\/sq\/wp-json\/wp\/v2\/types\/post"}],"author":[{"embeddable":true,"href":"https:\/\/zjarr.tv\/sq\/wp-json\/wp\/v2\/users\/2013"}],"replies":[{"embeddable":true,"href":"https:\/\/zjarr.tv\/sq\/wp-json\/wp\/v2\/comments?post=93089"}],"version-history":[{"count":0,"href":"https:\/\/zjarr.tv\/sq\/wp-json\/wp\/v2\/posts\/93089\/revisions"}],"wp:featuredmedia":[{"embeddable":true,"href":"https:\/\/zjarr.tv\/sq\/wp-json\/wp\/v2\/media\/93210"}],"wp:attachment":[{"href":"https:\/\/zjarr.tv\/sq\/wp-json\/wp\/v2\/media?parent=93089"}],"wp:term":[{"taxonomy":"category","embeddable":true,"href":"https:\/\/zjarr.tv\/sq\/wp-json\/wp\/v2\/categories?post=93089"},{"taxonomy":"post_tag","embeddable":true,"href":"https:\/\/zjarr.tv\/sq\/wp-json\/wp\/v2\/tags?post=93089"}],"curies":[{"name":"wp","href":"https:\/\/api.w.org\/{rel}","templated":true}]}}