{"id":93134,"date":"2019-06-29T13:04:05","date_gmt":"2019-06-29T11:04:05","guid":{"rendered":"https:\/\/zjarr.tv\/?p=93134"},"modified":"2019-06-29T13:04:05","modified_gmt":"2019-06-29T11:04:05","slug":"shkodra-kyc-me-dry-shkollat-qendra-votimi-i-thote-jo-zgjedhjeve-moniste","status":"publish","type":"post","link":"https:\/\/zjarr.tv\/sq\/shkodra-kyc-me-dry-shkollat-qendra-votimi-i-thote-jo-zgjedhjeve-moniste\/","title":{"rendered":"Shkodra ky\u00e7 me dry shkollat qendra votimi, i thot\u00eb jo zgjedhjeve moniste"},"content":{"rendered":"<p>Me dhjet\u00ebra shkolla q\u00eb do t\u00eb sh\u00ebrbenin si qendra votimi moniste dit\u00ebn e nes\u00ebrme, jan\u00eb ky\u00e7ur gjat\u00eb nat\u00ebs nga Bashkia Shkod\u00ebr, p\u00ebr t\u00eb mos lejuar aty zhvillimin e zgjedhjeve nj\u00ebpartiake.<\/p>\n<p>Sipas medieve lokale jan\u00eb mbyllur me zinxhir\u00eb pothuajse t\u00eb gjitha institucionet arsimore n\u00eb var\u00ebsi t\u00eb bashkis\u00eb s\u00eb Shkodr\u00ebs, q\u00eb jan\u00eb caktuar si qendra votimi.<\/p>\n<p>N\u00eb Velipoj\u00eb raportohet se dy shkollat kryesore jan\u00eb t\u00eb bllokuara.<\/p>\n<p>Edhe n\u00eb Grud\u00eb shkolla \u00ebsht\u00eb e bllokuar. Nd\u00ebrsa rezultojn\u00eb t\u00eb lira vet\u00ebm shkollat Shirok\u00eb-Zogaj dhe ish 10 korriku.<\/p>\n<p>&nbsp;<\/p>\n","protected":false},"excerpt":{"rendered":"<p>Me dhjet\u00ebra shkolla q\u00eb do t\u00eb sh\u00ebrbenin si qendra votimi moniste dit\u00ebn e nes\u00ebrme, jan\u00eb ky\u00e7ur gjat\u00eb nat\u00ebs nga Bashkia Shkod\u00ebr, p\u00ebr t\u00eb mos lejuar aty zhvillimin e zgjedhjeve nj\u00ebpartiake. Sipas medieve lokale jan\u00eb mbyllur me zinxhir\u00eb pothuajse t\u00eb gjitha institucionet arsimore n\u00eb var\u00ebsi t\u00eb bashkis\u00eb s\u00eb Shkodr\u00ebs, q\u00eb jan\u00eb caktuar si qendra votimi. N\u00eb [&hellip;]<\/p>\n","protected":false},"author":2013,"featured_media":93135,"comment_status":"open","ping_status":"closed","sticky":false,"template":"","format":"standard","meta":{"footnotes":""},"categories":[241,235],"tags":[],"class_list":{"0":"post-93134","1":"post","2":"type-post","3":"status-publish","4":"format-standard","5":"has-post-thumbnail","7":"category-aktualitet","8":"category-vendi"},"_links":{"self":[{"href":"https:\/\/zjarr.tv\/sq\/wp-json\/wp\/v2\/posts\/93134","targetHints":{"allow":["GET"]}}],"collection":[{"href":"https:\/\/zjarr.tv\/sq\/wp-json\/wp\/v2\/posts"}],"about":[{"href":"https:\/\/zjarr.tv\/sq\/wp-json\/wp\/v2\/types\/post"}],"author":[{"embeddable":true,"href":"https:\/\/zjarr.tv\/sq\/wp-json\/wp\/v2\/users\/2013"}],"replies":[{"embeddable":true,"href":"https:\/\/zjarr.tv\/sq\/wp-json\/wp\/v2\/comments?post=93134"}],"version-history":[{"count":0,"href":"https:\/\/zjarr.tv\/sq\/wp-json\/wp\/v2\/posts\/93134\/revisions"}],"wp:featuredmedia":[{"embeddable":true,"href":"https:\/\/zjarr.tv\/sq\/wp-json\/wp\/v2\/media\/93135"}],"wp:attachment":[{"href":"https:\/\/zjarr.tv\/sq\/wp-json\/wp\/v2\/media?parent=93134"}],"wp:term":[{"taxonomy":"category","embeddable":true,"href":"https:\/\/zjarr.tv\/sq\/wp-json\/wp\/v2\/categories?post=93134"},{"taxonomy":"post_tag","embeddable":true,"href":"https:\/\/zjarr.tv\/sq\/wp-json\/wp\/v2\/tags?post=93134"}],"curies":[{"name":"wp","href":"https:\/\/api.w.org\/{rel}","templated":true}]}}