{"id":93137,"date":"2019-06-29T13:05:15","date_gmt":"2019-06-29T11:05:15","guid":{"rendered":"https:\/\/zjarr.tv\/?p=93137"},"modified":"2019-06-29T13:05:15","modified_gmt":"2019-06-29T11:05:15","slug":"arrestohet-kreu-i-frpd-ne-diber-kellici-diktatura-ka-pllakosur-vendin","status":"publish","type":"post","link":"https:\/\/zjarr.tv\/sq\/arrestohet-kreu-i-frpd-ne-diber-kellici-diktatura-ka-pllakosur-vendin\/","title":{"rendered":"Arrestohet kreu i FRPD n\u00eb Dib\u00ebr, K\u00eblli\u00e7i: Diktatura ka pllakosur vendin"},"content":{"rendered":"<p>Kreu i FRPD-s\u00eb Belind K\u00eblli\u00e7i ka denoncuar dit\u00ebn e sotme, arrestimin e kreu lokal t\u00eb FRPD-s\u00eb n\u00eb Dib\u00ebr, Jetnor Kaloshi.<\/p>\n<p>K\u00eblli\u00e7i shkruan se Lleshi n\u00eb vend q\u00eb t\u00eb arrestoj\u00eb kriminel\u00ebt q\u00eb vjedhin zgjedhjet, arreston njer\u00ebz t\u00eb denj\u00eb.<\/p>\n<p><strong>Reagimi i plot\u00eb i Belind K\u00eblli\u00e7it:<\/strong><\/p>\n<p><em>Policia e shtetit me urdh\u00ebr te Sander Lleshit mbr\u00ebm\u00eb ka terrorizuar nj\u00eb nd\u00ebr familjet m\u00eb t\u00eb nderuara t\u00eb Dibr\u00ebs, familjen Kaloshi ku kane arrestuar kryetarin e FRPD, Dib\u00ebr Jeton Kaloshin dhe xhaxhan\u00eb e tij Ymer Kaloshin, si dhe Arif Kaloshin s\u00ebbashku me dy djemt\u00eb e tij Eraldin dhe Arditin.<\/em><\/p>\n<p><em>N\u00eb vend q\u00eb Sand\u00ebr Lleshi t\u00eb arrestoje Ag\u00ebn, Keshin e t\u00eb gjith\u00eb ata kriminel\u00eb q\u00eb blen\u00eb votat n\u00eb Dib\u00ebr, arreston 5 anetar\u00eb t\u00eb nj\u00eb prej familjeve m\u00eb dinjitoze, fisnike dhe kurajoze t\u00eb Dibr\u00ebs.<\/em><\/p>\n<p><em>Diktatura ka pllakosur vendin!<\/em><\/p>\n<p>&nbsp;<\/p>\n","protected":false},"excerpt":{"rendered":"<p>Kreu i FRPD-s\u00eb Belind K\u00eblli\u00e7i ka denoncuar dit\u00ebn e sotme, arrestimin e kreu lokal t\u00eb FRPD-s\u00eb n\u00eb Dib\u00ebr, Jetnor Kaloshi. K\u00eblli\u00e7i shkruan se Lleshi n\u00eb vend q\u00eb t\u00eb arrestoj\u00eb kriminel\u00ebt q\u00eb vjedhin zgjedhjet, arreston njer\u00ebz t\u00eb denj\u00eb. Reagimi i plot\u00eb i Belind K\u00eblli\u00e7it: Policia e shtetit me urdh\u00ebr te Sander Lleshit mbr\u00ebm\u00eb ka terrorizuar nj\u00eb [&hellip;]<\/p>\n","protected":false},"author":2013,"featured_media":93138,"comment_status":"open","ping_status":"closed","sticky":false,"template":"","format":"standard","meta":{"footnotes":""},"categories":[241,235],"tags":[],"class_list":{"0":"post-93137","1":"post","2":"type-post","3":"status-publish","4":"format-standard","5":"has-post-thumbnail","7":"category-aktualitet","8":"category-vendi"},"_links":{"self":[{"href":"https:\/\/zjarr.tv\/sq\/wp-json\/wp\/v2\/posts\/93137","targetHints":{"allow":["GET"]}}],"collection":[{"href":"https:\/\/zjarr.tv\/sq\/wp-json\/wp\/v2\/posts"}],"about":[{"href":"https:\/\/zjarr.tv\/sq\/wp-json\/wp\/v2\/types\/post"}],"author":[{"embeddable":true,"href":"https:\/\/zjarr.tv\/sq\/wp-json\/wp\/v2\/users\/2013"}],"replies":[{"embeddable":true,"href":"https:\/\/zjarr.tv\/sq\/wp-json\/wp\/v2\/comments?post=93137"}],"version-history":[{"count":0,"href":"https:\/\/zjarr.tv\/sq\/wp-json\/wp\/v2\/posts\/93137\/revisions"}],"wp:featuredmedia":[{"embeddable":true,"href":"https:\/\/zjarr.tv\/sq\/wp-json\/wp\/v2\/media\/93138"}],"wp:attachment":[{"href":"https:\/\/zjarr.tv\/sq\/wp-json\/wp\/v2\/media?parent=93137"}],"wp:term":[{"taxonomy":"category","embeddable":true,"href":"https:\/\/zjarr.tv\/sq\/wp-json\/wp\/v2\/categories?post=93137"},{"taxonomy":"post_tag","embeddable":true,"href":"https:\/\/zjarr.tv\/sq\/wp-json\/wp\/v2\/tags?post=93137"}],"curies":[{"name":"wp","href":"https:\/\/api.w.org\/{rel}","templated":true}]}}