{"id":93146,"date":"2019-06-29T13:14:26","date_gmt":"2019-06-29T11:14:26","guid":{"rendered":"https:\/\/zjarr.tv\/?p=93146"},"modified":"2019-06-29T13:14:26","modified_gmt":"2019-06-29T11:14:26","slug":"emrat-mallakaster-arrestohen-dy-punonjes-te-bashkise","status":"publish","type":"post","link":"https:\/\/zjarr.tv\/sq\/emrat-mallakaster-arrestohen-dy-punonjes-te-bashkise\/","title":{"rendered":"Emrat\/ Mallakast\u00ebr arrestohen dy punonj\u00ebs t\u00eb Bashkis\u00eb"},"content":{"rendered":"<p>Arrestohen n\u00eb flagranc\u00eb 2 punonj\u00ebs t\u00eb Bashkis\u00eb Mallakast\u00ebr dhe roja e nj\u00eb shkolle n\u00eb qytetin e Ballshit, si edhe shpallet n\u00eb k\u00ebrkim n\u00ebnkryetari i Bashkis\u00eb Mallakast\u00ebr p\u00ebr vepr\u00ebn penale &#8220;Pengimi i subjekteve p\u00ebr zgjedhjet n\u00eb organet p\u00ebrfaq\u00ebsuese&#8221; e kryer n\u00eb bashk\u00ebpunim.<\/p>\n<p>&nbsp;<\/p>\n<p>Specialist\u00ebt p\u00ebr Hetimin e Krimeve n\u00eb Komisariatin e Policis\u00eb Mallakast\u00ebr arrestuan n\u00eb flagranc\u00eb 3 shtetas:<\/p>\n<p>&nbsp;<\/p>\n<p>&#8211; D.D, 57 vje\u00e7, banues n\u00eb Ballsh (shofer i Bashkis\u00eb Mallakast\u00ebr);<\/p>\n<p>&nbsp;<\/p>\n<p>&#8211; E.I, 39 vje\u00e7, banues n\u00eb Ballsh (punonj\u00ebs i Bashkis\u00eb Mallakast\u00ebr);<\/p>\n<p>&nbsp;<\/p>\n<p>&#8211; N.K, 58 vje\u00e7, banues n\u00eb Ballsh (roje shkolle);<\/p>\n<p>&nbsp;<\/p>\n<p>Gjithashtu u shpall n\u00eb k\u00ebrkim dhe po punohet p\u00ebr kapjen e shtetasit H.S, 38 vje\u00e7, banues n\u00eb Ballsh, (N\u00ebnkryetar i Bashkis\u00eb Mallakast\u00ebr).<\/p>\n<p>&nbsp;<\/p>\n<p>Nga t\u00ebr\u00ebsia e veprimeve hetimore rezulton se k\u00ebta shtetas jan\u00eb autor t\u00eb dyshuar t\u00eb mbylljes dhe bllokimit 2 shkollave n\u00eb qytetin e Ballshit dhe 21 shkollave n\u00eb fshatrat e Bashkis\u00eb, t\u00eb cilat nga Komisioni Qendror i Zgjedhjeve jan\u00eb vendosur e miratuar si Qendra Votimi p\u00ebr zgjedhjet e Pushtetit Vendor t\u00eb dat\u00ebs 30.06.2019.<\/p>\n<p>&nbsp;<\/p>\n<p>Materialet proceduriale i kaluan Prokuroris\u00eb pran\u00eb Gjykat\u00ebs s\u00eb Shkall\u00ebs s\u00eb Par\u00eb Fier p\u00ebr veprime t\u00eb m\u00ebtejshme hetimore.<\/p>\n<p><a href=\"https:\/\/zjarr.tv\/wp-content\/uploads\/2019\/06\/abd4eeb7-e301-48cb-baa1-7f672c939f40.jpg\"><img loading=\"lazy\" decoding=\"async\" class=\"alignnone size-medium wp-image-93148\" src=\"https:\/\/zjarr.tv\/wp-content\/uploads\/2019\/06\/abd4eeb7-e301-48cb-baa1-7f672c939f40-300x225.jpg\" alt=\"\" width=\"300\" height=\"225\" srcset=\"https:\/\/zjarr.tv\/wp-content\/uploads\/2019\/06\/abd4eeb7-e301-48cb-baa1-7f672c939f40-300x225.jpg 300w, https:\/\/zjarr.tv\/wp-content\/uploads\/2019\/06\/abd4eeb7-e301-48cb-baa1-7f672c939f40-768x576.jpg 768w, https:\/\/zjarr.tv\/wp-content\/uploads\/2019\/06\/abd4eeb7-e301-48cb-baa1-7f672c939f40-1024x768.jpg 1024w, https:\/\/zjarr.tv\/wp-content\/uploads\/2019\/06\/abd4eeb7-e301-48cb-baa1-7f672c939f40-80x60.jpg 80w, https:\/\/zjarr.tv\/wp-content\/uploads\/2019\/06\/abd4eeb7-e301-48cb-baa1-7f672c939f40-265x198.jpg 265w, https:\/\/zjarr.tv\/wp-content\/uploads\/2019\/06\/abd4eeb7-e301-48cb-baa1-7f672c939f40-696x522.jpg 696w, https:\/\/zjarr.tv\/wp-content\/uploads\/2019\/06\/abd4eeb7-e301-48cb-baa1-7f672c939f40-1068x801.jpg 1068w, https:\/\/zjarr.tv\/wp-content\/uploads\/2019\/06\/abd4eeb7-e301-48cb-baa1-7f672c939f40-560x420.jpg 560w, https:\/\/zjarr.tv\/wp-content\/uploads\/2019\/06\/abd4eeb7-e301-48cb-baa1-7f672c939f40.jpg 1280w\" sizes=\"auto, (max-width: 300px) 100vw, 300px\" \/><\/a><\/p>\n","protected":false},"excerpt":{"rendered":"<p>Arrestohen n\u00eb flagranc\u00eb 2 punonj\u00ebs t\u00eb Bashkis\u00eb Mallakast\u00ebr dhe roja e nj\u00eb shkolle n\u00eb qytetin e Ballshit, si edhe shpallet n\u00eb k\u00ebrkim n\u00ebnkryetari i Bashkis\u00eb Mallakast\u00ebr p\u00ebr vepr\u00ebn penale &#8220;Pengimi i subjekteve p\u00ebr zgjedhjet n\u00eb organet p\u00ebrfaq\u00ebsuese&#8221; e kryer n\u00eb bashk\u00ebpunim. &nbsp; Specialist\u00ebt p\u00ebr Hetimin e Krimeve n\u00eb Komisariatin e Policis\u00eb Mallakast\u00ebr arrestuan n\u00eb flagranc\u00eb [&hellip;]<\/p>\n","protected":false},"author":2013,"featured_media":93147,"comment_status":"open","ping_status":"closed","sticky":false,"template":"","format":"standard","meta":{"footnotes":""},"categories":[241,235],"tags":[],"class_list":{"0":"post-93146","1":"post","2":"type-post","3":"status-publish","4":"format-standard","5":"has-post-thumbnail","7":"category-aktualitet","8":"category-vendi"},"_links":{"self":[{"href":"https:\/\/zjarr.tv\/sq\/wp-json\/wp\/v2\/posts\/93146","targetHints":{"allow":["GET"]}}],"collection":[{"href":"https:\/\/zjarr.tv\/sq\/wp-json\/wp\/v2\/posts"}],"about":[{"href":"https:\/\/zjarr.tv\/sq\/wp-json\/wp\/v2\/types\/post"}],"author":[{"embeddable":true,"href":"https:\/\/zjarr.tv\/sq\/wp-json\/wp\/v2\/users\/2013"}],"replies":[{"embeddable":true,"href":"https:\/\/zjarr.tv\/sq\/wp-json\/wp\/v2\/comments?post=93146"}],"version-history":[{"count":0,"href":"https:\/\/zjarr.tv\/sq\/wp-json\/wp\/v2\/posts\/93146\/revisions"}],"wp:featuredmedia":[{"embeddable":true,"href":"https:\/\/zjarr.tv\/sq\/wp-json\/wp\/v2\/media\/93147"}],"wp:attachment":[{"href":"https:\/\/zjarr.tv\/sq\/wp-json\/wp\/v2\/media?parent=93146"}],"wp:term":[{"taxonomy":"category","embeddable":true,"href":"https:\/\/zjarr.tv\/sq\/wp-json\/wp\/v2\/categories?post=93146"},{"taxonomy":"post_tag","embeddable":true,"href":"https:\/\/zjarr.tv\/sq\/wp-json\/wp\/v2\/tags?post=93146"}],"curies":[{"name":"wp","href":"https:\/\/api.w.org\/{rel}","templated":true}]}}