{"id":93160,"date":"2019-06-29T13:30:16","date_gmt":"2019-06-29T11:30:16","guid":{"rendered":"https:\/\/zjarr.tv\/?p=93160"},"modified":"2019-06-29T13:30:16","modified_gmt":"2019-06-29T11:30:16","slug":"nuk-ndalen-termetet-ne-korce-brenda-24-oresh","status":"publish","type":"post","link":"https:\/\/zjarr.tv\/sq\/nuk-ndalen-termetet-ne-korce-brenda-24-oresh\/","title":{"rendered":"Nuk ndalen t\u00ebrmetet n\u00eb Kor\u00e7\u00eb, brenda 24 or\u00ebsh &#8230;"},"content":{"rendered":"<p>Mbi 10 l\u00ebkundje sizmike jan\u00eb regjistruar q\u00eb nga mbr\u00ebmja e s\u00eb premtes deri n\u00eb or\u00ebt e para t\u00eb m\u00ebngjesit t\u00eb s\u00eb shtun\u00ebs n\u00eb rajonin e Kor\u00e7\u00ebs.<\/p>\n<p>Epiqendrat e l\u00ebkundjeve sizmike kan\u00eb qen\u00eb rreth 16 km n\u00eb juglindje t\u00eb qytetit.<\/p>\n<p>Fatmir\u00ebsisht l\u00ebkundjet kan\u00eb qen\u00eb me magnitud\u00eb nga 2.2 deri 3.7 t\u00eb shkall\u00ebs Rihter dhe nuk jan\u00eb sh\u00ebnuar d\u00ebme.<\/p>\n<p>Disa koh\u00eb m\u00eb par\u00eb rajoni i Kor\u00e7\u00ebs u trondit nga disa t\u00ebrmete t\u00eb fort\u00eb t\u00eb cilat shkaktuan d\u00ebme n\u00eb dhjet\u00ebra sht\u00ebpi dhe 4 t\u00eb l\u00ebnduar.<\/p>\n<p>Fshati m\u00eb i prekur nga t\u00ebrmeti ishte Floqi ku u d\u00ebmtuan mbi 100 sht\u00ebpi.<\/p>\n<p>&nbsp;<\/p>\n","protected":false},"excerpt":{"rendered":"<p>Mbi 10 l\u00ebkundje sizmike jan\u00eb regjistruar q\u00eb nga mbr\u00ebmja e s\u00eb premtes deri n\u00eb or\u00ebt e para t\u00eb m\u00ebngjesit t\u00eb s\u00eb shtun\u00ebs n\u00eb rajonin e Kor\u00e7\u00ebs. Epiqendrat e l\u00ebkundjeve sizmike kan\u00eb qen\u00eb rreth 16 km n\u00eb juglindje t\u00eb qytetit. Fatmir\u00ebsisht l\u00ebkundjet kan\u00eb qen\u00eb me magnitud\u00eb nga 2.2 deri 3.7 t\u00eb shkall\u00ebs Rihter dhe nuk jan\u00eb [&hellip;]<\/p>\n","protected":false},"author":2013,"featured_media":67195,"comment_status":"open","ping_status":"closed","sticky":false,"template":"","format":"standard","meta":{"footnotes":""},"categories":[241,235],"tags":[],"class_list":{"0":"post-93160","1":"post","2":"type-post","3":"status-publish","4":"format-standard","5":"has-post-thumbnail","7":"category-aktualitet","8":"category-vendi"},"_links":{"self":[{"href":"https:\/\/zjarr.tv\/sq\/wp-json\/wp\/v2\/posts\/93160","targetHints":{"allow":["GET"]}}],"collection":[{"href":"https:\/\/zjarr.tv\/sq\/wp-json\/wp\/v2\/posts"}],"about":[{"href":"https:\/\/zjarr.tv\/sq\/wp-json\/wp\/v2\/types\/post"}],"author":[{"embeddable":true,"href":"https:\/\/zjarr.tv\/sq\/wp-json\/wp\/v2\/users\/2013"}],"replies":[{"embeddable":true,"href":"https:\/\/zjarr.tv\/sq\/wp-json\/wp\/v2\/comments?post=93160"}],"version-history":[{"count":0,"href":"https:\/\/zjarr.tv\/sq\/wp-json\/wp\/v2\/posts\/93160\/revisions"}],"wp:featuredmedia":[{"embeddable":true,"href":"https:\/\/zjarr.tv\/sq\/wp-json\/wp\/v2\/media\/67195"}],"wp:attachment":[{"href":"https:\/\/zjarr.tv\/sq\/wp-json\/wp\/v2\/media?parent=93160"}],"wp:term":[{"taxonomy":"category","embeddable":true,"href":"https:\/\/zjarr.tv\/sq\/wp-json\/wp\/v2\/categories?post=93160"},{"taxonomy":"post_tag","embeddable":true,"href":"https:\/\/zjarr.tv\/sq\/wp-json\/wp\/v2\/tags?post=93160"}],"curies":[{"name":"wp","href":"https:\/\/api.w.org\/{rel}","templated":true}]}}