{"id":93162,"date":"2019-06-29T13:31:36","date_gmt":"2019-06-29T11:31:36","guid":{"rendered":"https:\/\/zjarr.tv\/?p=93162"},"modified":"2019-06-29T13:31:36","modified_gmt":"2019-06-29T11:31:36","slug":"avokatet-e-martin-shkrelit-kerkojne-apelimin-e-vendimit","status":"publish","type":"post","link":"https:\/\/zjarr.tv\/sq\/avokatet-e-martin-shkrelit-kerkojne-apelimin-e-vendimit\/","title":{"rendered":"Avokat\u00ebt e Martin Shkrelit k\u00ebrkojn\u00eb apelimin e vendimit"},"content":{"rendered":"<p>Avokat\u00ebt e ish-drejtuesit ekzekutiv t\u00eb nj\u00eb kompanie farmaceutike, Martin Shkreli, do t\u2019i k\u00ebrkojn\u00eb t\u00eb premten nj\u00eb gjykate federale t\u00eb apelit t\u00eb rr\u00ebzoj\u00eb vendimin p\u00ebr d\u00ebnimin penal t\u00eb tij n\u00ebn akuzat p\u00ebr mashtrim t\u00eb investitor\u00ebve. N\u00eb gusht t\u00eb vitit 2017 nj\u00eb juri federale n\u00eb Bruklin e shpalli fajtor 36 vje\u00e7arin Shkreli, p\u00ebr mashtrime me stoqet dhe investimet si dhe konspiracion.<\/p>\n<p>N\u00eb dosjen gjyq\u00ebsore avokat\u00ebt e tij argumentojn\u00eb se vendimi duhet t\u00eb anulohet pasi juria ka marr\u00eb informacione t\u00eb pasakta. Ata pritet t\u00eb japin argumentat e tyre p\u00ebrpara nj\u00eb paneli prej tre gjyqtar\u00ebsh t\u00eb Gjykat\u00ebs s\u00eb Apelit t\u00eb Rrethit t\u00eb 2-t\u00eb n\u00eb Manhatan. Vet\u00eb Martin Shkreli, i cili u d\u00ebnua me shtat\u00eb vjet burg n\u00eb mars 2018 dhe ndodhet n\u00eb nj\u00eb burg federal n\u00eb Pensilvani, nuk pritet t\u00eb paraqitet n\u00eb gjykat\u00eb.<\/p>\n<p>Martin Shkreli lindur n\u00eb Brooklyn nga prind\u00ebrit emigrant\u00eb me origjin\u00eb shqiptare u b\u00eb i njohur n\u00eb t\u00eb gjith\u00eb vendin pas themelimit t\u00eb \u201cTuring Pharmaceuticals\u201d, me blerjen e ila\u00e7it q\u00eb trajton infeksionet parazitare \u201cDaraprim\u201d dhe duke rritur \u00e7mimin e tij n\u00eb 5 mij\u00eb p\u00ebr qind, ose 750 dollar\u00eb p\u00ebr pilul\u00eb. Ky veprim shkaktoi kritika t\u00eb aktivist\u00ebve dhe ligjv\u00ebn\u00ebsve.<\/p>\n<p>N\u00eb dhjetor 2015-s Martin Shkreli u akuzua p\u00ebr mashtrim lidhur me dy fonde investimesh dhe nj\u00eb kompani farmaceutike q\u00eb kishte themeluar vite p\u00ebrpara \u201cTuringut\u201d. N\u00eb fund ai u d\u00ebnua p\u00ebr mashtrim investitor\u00ebsh, duke u d\u00ebrguar atyre deklarata t\u00eb rreme mbi llogarit\u00eb bankare, fshehje t\u00eb humbjeve n\u00eb shuma t\u00eb m\u00ebdha si dhe p\u00ebr makinacione lidhur me \u00e7mimin e aksioneve t\u00eb kompanis\u00eb farmaceutike, \u201cRetrophin Inc\u201d.<\/p>\n<p>P\u00ebrve\u00e7 d\u00ebnimit me burg, Shkreli u urdh\u00ebrua t\u00eb paguaj\u00eb dhe nj\u00eb shum\u00eb prej rreth 7 milion\u00eb dollar\u00ebsh.<\/p>\n<p>&nbsp;<\/p>\n","protected":false},"excerpt":{"rendered":"<p>Avokat\u00ebt e ish-drejtuesit ekzekutiv t\u00eb nj\u00eb kompanie farmaceutike, Martin Shkreli, do t\u2019i k\u00ebrkojn\u00eb t\u00eb premten nj\u00eb gjykate federale t\u00eb apelit t\u00eb rr\u00ebzoj\u00eb vendimin p\u00ebr d\u00ebnimin penal t\u00eb tij n\u00ebn akuzat p\u00ebr mashtrim t\u00eb investitor\u00ebve. N\u00eb gusht t\u00eb vitit 2017 nj\u00eb juri federale n\u00eb Bruklin e shpalli fajtor 36 vje\u00e7arin Shkreli, p\u00ebr mashtrime me stoqet dhe [&hellip;]<\/p>\n","protected":false},"author":2013,"featured_media":93163,"comment_status":"open","ping_status":"closed","sticky":false,"template":"","format":"standard","meta":{"footnotes":""},"categories":[241,235],"tags":[],"class_list":{"0":"post-93162","1":"post","2":"type-post","3":"status-publish","4":"format-standard","5":"has-post-thumbnail","7":"category-aktualitet","8":"category-vendi"},"_links":{"self":[{"href":"https:\/\/zjarr.tv\/sq\/wp-json\/wp\/v2\/posts\/93162","targetHints":{"allow":["GET"]}}],"collection":[{"href":"https:\/\/zjarr.tv\/sq\/wp-json\/wp\/v2\/posts"}],"about":[{"href":"https:\/\/zjarr.tv\/sq\/wp-json\/wp\/v2\/types\/post"}],"author":[{"embeddable":true,"href":"https:\/\/zjarr.tv\/sq\/wp-json\/wp\/v2\/users\/2013"}],"replies":[{"embeddable":true,"href":"https:\/\/zjarr.tv\/sq\/wp-json\/wp\/v2\/comments?post=93162"}],"version-history":[{"count":0,"href":"https:\/\/zjarr.tv\/sq\/wp-json\/wp\/v2\/posts\/93162\/revisions"}],"wp:featuredmedia":[{"embeddable":true,"href":"https:\/\/zjarr.tv\/sq\/wp-json\/wp\/v2\/media\/93163"}],"wp:attachment":[{"href":"https:\/\/zjarr.tv\/sq\/wp-json\/wp\/v2\/media?parent=93162"}],"wp:term":[{"taxonomy":"category","embeddable":true,"href":"https:\/\/zjarr.tv\/sq\/wp-json\/wp\/v2\/categories?post=93162"},{"taxonomy":"post_tag","embeddable":true,"href":"https:\/\/zjarr.tv\/sq\/wp-json\/wp\/v2\/tags?post=93162"}],"curies":[{"name":"wp","href":"https:\/\/api.w.org\/{rel}","templated":true}]}}