{"id":93165,"date":"2019-06-29T13:40:00","date_gmt":"2019-06-29T11:40:00","guid":{"rendered":"https:\/\/zjarr.tv\/?p=93165"},"modified":"2019-06-29T13:40:00","modified_gmt":"2019-06-29T11:40:00","slug":"shyqyr-qe-ta-kane-shkruar-pa-gabime-vasili-ironizon-hajdarin-po-ta-recitoje-do-gajasje-landifllin-e-parlamentit-shqiptar","status":"publish","type":"post","link":"https:\/\/zjarr.tv\/sq\/shyqyr-qe-ta-kane-shkruar-pa-gabime-vasili-ironizon-hajdarin-po-ta-recitoje-do-gajasje-landifllin-e-parlamentit-shqiptar\/","title":{"rendered":"\u2018Shyqyr q\u00eb ta kan\u00eb shkruar pa gabime \u2019\/ Vasili ironizon Hajdarin: \u2018Po ta recitoje do gajasje \u2018Landifllin\u2019 e parlamentit shqiptar\u2019"},"content":{"rendered":"<p>N\u00ebnkryetari i LSI-s\u00eb, Petrit Vasili ka ironizuar deputeten Rudina Hajdari, e cila nj\u00eb postim n\u00eb facebook u kujtua sot t\u00eb sulmonte Presidentin Meta p\u00ebr takimin e tij t\u00eb dy dit\u00ebve m\u00eb par\u00eb me drejtues t\u00eb opozit\u00ebs, midis t\u00eb cil\u00ebve edhe z. Vasili.<\/p>\n<p>\u201cKjo rudina paska shume informacion sekret.<\/p>\n<p>Me siguri nga &#8220;Avokati i Fbi&#8221; ne Tirane.<\/p>\n<p>Po pse reagoi me dy dite vonese per nje takim publik?<\/p>\n<p>Plus qe kur kryetari i Partise se saj refuzoi takimin me Presidentin po kjo e shkreta \u00e7do te bisedonte me te?<\/p>\n<p>Shyqyr qe ia kishin shkruar pa gabime kete reagimin,se po ta recitonte do na gajaste se qeshuri si \u00e7&#8217;ben cdo te enjte ne \u201c Landfilldin\u201d me te ri te Shqiperise.<\/p>\n<p>Megjithate e uroj qe neser te shkoj ballelarte, duarplot&#8230;. dhe me Fitorje.<\/p>\n","protected":false},"excerpt":{"rendered":"<p>N\u00ebnkryetari i LSI-s\u00eb, Petrit Vasili ka ironizuar deputeten Rudina Hajdari, e cila nj\u00eb postim n\u00eb facebook u kujtua sot t\u00eb sulmonte Presidentin Meta p\u00ebr takimin e tij t\u00eb dy dit\u00ebve m\u00eb par\u00eb me drejtues t\u00eb opozit\u00ebs, midis t\u00eb cil\u00ebve edhe z. Vasili. \u201cKjo rudina paska shume informacion sekret. Me siguri nga &#8220;Avokati i Fbi&#8221; ne [&hellip;]<\/p>\n","protected":false},"author":2013,"featured_media":70374,"comment_status":"open","ping_status":"closed","sticky":false,"template":"","format":"standard","meta":{"footnotes":""},"categories":[241,235],"tags":[],"class_list":{"0":"post-93165","1":"post","2":"type-post","3":"status-publish","4":"format-standard","5":"has-post-thumbnail","7":"category-aktualitet","8":"category-vendi"},"_links":{"self":[{"href":"https:\/\/zjarr.tv\/sq\/wp-json\/wp\/v2\/posts\/93165","targetHints":{"allow":["GET"]}}],"collection":[{"href":"https:\/\/zjarr.tv\/sq\/wp-json\/wp\/v2\/posts"}],"about":[{"href":"https:\/\/zjarr.tv\/sq\/wp-json\/wp\/v2\/types\/post"}],"author":[{"embeddable":true,"href":"https:\/\/zjarr.tv\/sq\/wp-json\/wp\/v2\/users\/2013"}],"replies":[{"embeddable":true,"href":"https:\/\/zjarr.tv\/sq\/wp-json\/wp\/v2\/comments?post=93165"}],"version-history":[{"count":0,"href":"https:\/\/zjarr.tv\/sq\/wp-json\/wp\/v2\/posts\/93165\/revisions"}],"wp:featuredmedia":[{"embeddable":true,"href":"https:\/\/zjarr.tv\/sq\/wp-json\/wp\/v2\/media\/70374"}],"wp:attachment":[{"href":"https:\/\/zjarr.tv\/sq\/wp-json\/wp\/v2\/media?parent=93165"}],"wp:term":[{"taxonomy":"category","embeddable":true,"href":"https:\/\/zjarr.tv\/sq\/wp-json\/wp\/v2\/categories?post=93165"},{"taxonomy":"post_tag","embeddable":true,"href":"https:\/\/zjarr.tv\/sq\/wp-json\/wp\/v2\/tags?post=93165"}],"curies":[{"name":"wp","href":"https:\/\/api.w.org\/{rel}","templated":true}]}}