{"id":93167,"date":"2019-06-29T13:41:30","date_gmt":"2019-06-29T11:41:30","guid":{"rendered":"https:\/\/zjarr.tv\/?p=93167"},"modified":"2019-06-29T13:41:30","modified_gmt":"2019-06-29T11:41:30","slug":"30-qershori-nenkryetari-i-kqz-zgjedhje-a-votime-mos-bojkotoni","status":"publish","type":"post","link":"https:\/\/zjarr.tv\/sq\/30-qershori-nenkryetari-i-kqz-zgjedhje-a-votime-mos-bojkotoni\/","title":{"rendered":"\u201c30 qershori\/ N\u00ebnkryetari i KQZ: Zgjedhje a votime, mos bojkotoni"},"content":{"rendered":"<p>N\u00ebnkryetari i Komisionit Qendror t\u00eb Zgjedhjeve, Denar Biba, nj\u00eb dit\u00eb para zgjedhjeve lokale, ka apeluar ndaj t\u00eb gjith\u00eb qytetar\u00ebve, q\u00eb t\u00eb dalin n\u00eb votime dhe t\u00eb ushtrojn\u00eb t\u00eb drejt\u00ebn e tyre p\u00ebr zgjedhur drejtuesit vendor\u00eb.<\/p>\n<p>Me nj\u00eb sh\u00ebnim n\u00eb \u201cFacebook\u201d, Biba shkruan se shqiptar\u00ebt nuk duhet t\u00eb humbasin p\u00ebr asnj\u00eb moment shprehit\u00eb demokratike dhe t\u00eb respektojn\u00eb ligjet dhe shtetin e s\u00eb drejt\u00ebs. Ai u ndal edhe n\u00eb disa bashki ku n\u00eb gar\u00eb \u00ebsht\u00eb vet\u00ebm nj\u00eb kandidat, nd\u00ebrsa tha se kjo \u00ebsht\u00eb p\u00ebr t\u00eb ardhur keq.<\/p>\n<p>\u201cNe date 30 qershor, une do te shkoj te votoj! Po c\u2019ka per te zgjedhur ne 30 bashki ku eshte regjistruar vetem 1 kandidat?-do te pyese me te drejte ndonje.<\/p>\n<p>Po, ashtu, ne ato bashki ka vetem votim e jo zgjedhje, dhe kjo eshte per te ardhur keq. Por zgjedhje a votime qofshin ne gati 50% te zonave, serish mbeten te rendesishme, ndaj nuk duhen bojkotuar. Ne (shqiptaret) nuk duhet te humbin shprehite tona demokratike. Akoma me tej, ne duhet te respektojme shtetin e se drejtes, i cili kerkon qe rregullat te prevalojne mbi pazaret politike e qe, pa te cilin, demokracia ka tendence te degradoje ne sundim te shumices mbi pakicen. Dhe se fundi, duhet te votojme edhe sepse procesi zgjedhor, edhe aty ku ka vetem 1 kandidat, ka edhe nje komponent tjeter, absolutisht te rendesishem. Te zgjedhurit vendore permes votimit qytetar formalizojne marrjen e detyres. Sepse kryebashkiaket tane emerohen nga ne, votuesit e tyre. Vetem keshtu i bejme ata te pergjegjshem dhe mund t\u2019ju kerkojme llogari per premtimet dhe menaxhimin e parave publike\u201d-shkruan Biba.<\/p>\n<p>&nbsp;<\/p>\n","protected":false},"excerpt":{"rendered":"<p>N\u00ebnkryetari i Komisionit Qendror t\u00eb Zgjedhjeve, Denar Biba, nj\u00eb dit\u00eb para zgjedhjeve lokale, ka apeluar ndaj t\u00eb gjith\u00eb qytetar\u00ebve, q\u00eb t\u00eb dalin n\u00eb votime dhe t\u00eb ushtrojn\u00eb t\u00eb drejt\u00ebn e tyre p\u00ebr zgjedhur drejtuesit vendor\u00eb. Me nj\u00eb sh\u00ebnim n\u00eb \u201cFacebook\u201d, Biba shkruan se shqiptar\u00ebt nuk duhet t\u00eb humbasin p\u00ebr asnj\u00eb moment shprehit\u00eb demokratike dhe t\u00eb [&hellip;]<\/p>\n","protected":false},"author":2013,"featured_media":93168,"comment_status":"open","ping_status":"closed","sticky":false,"template":"","format":"standard","meta":{"footnotes":""},"categories":[241,235],"tags":[],"class_list":{"0":"post-93167","1":"post","2":"type-post","3":"status-publish","4":"format-standard","5":"has-post-thumbnail","7":"category-aktualitet","8":"category-vendi"},"_links":{"self":[{"href":"https:\/\/zjarr.tv\/sq\/wp-json\/wp\/v2\/posts\/93167","targetHints":{"allow":["GET"]}}],"collection":[{"href":"https:\/\/zjarr.tv\/sq\/wp-json\/wp\/v2\/posts"}],"about":[{"href":"https:\/\/zjarr.tv\/sq\/wp-json\/wp\/v2\/types\/post"}],"author":[{"embeddable":true,"href":"https:\/\/zjarr.tv\/sq\/wp-json\/wp\/v2\/users\/2013"}],"replies":[{"embeddable":true,"href":"https:\/\/zjarr.tv\/sq\/wp-json\/wp\/v2\/comments?post=93167"}],"version-history":[{"count":0,"href":"https:\/\/zjarr.tv\/sq\/wp-json\/wp\/v2\/posts\/93167\/revisions"}],"wp:featuredmedia":[{"embeddable":true,"href":"https:\/\/zjarr.tv\/sq\/wp-json\/wp\/v2\/media\/93168"}],"wp:attachment":[{"href":"https:\/\/zjarr.tv\/sq\/wp-json\/wp\/v2\/media?parent=93167"}],"wp:term":[{"taxonomy":"category","embeddable":true,"href":"https:\/\/zjarr.tv\/sq\/wp-json\/wp\/v2\/categories?post=93167"},{"taxonomy":"post_tag","embeddable":true,"href":"https:\/\/zjarr.tv\/sq\/wp-json\/wp\/v2\/tags?post=93167"}],"curies":[{"name":"wp","href":"https:\/\/api.w.org\/{rel}","templated":true}]}}