{"id":93173,"date":"2019-06-29T14:02:11","date_gmt":"2019-06-29T12:02:11","guid":{"rendered":"https:\/\/zjarr.tv\/?p=93173"},"modified":"2019-06-29T14:02:11","modified_gmt":"2019-06-29T12:02:11","slug":"presidenti-meta-uron-kryeministren-e-sapo-zgjedhur-te-danimarkes","status":"publish","type":"post","link":"https:\/\/zjarr.tv\/sq\/presidenti-meta-uron-kryeministren-e-sapo-zgjedhur-te-danimarkes\/","title":{"rendered":"Presidenti Meta uron kryeministren e sapo zgjedhur t\u00eb Danimark\u00ebs"},"content":{"rendered":"<p>Presidenti Meta i ka d\u00ebrguar urimet m\u00eb t\u00eb p\u00ebrzem\u00ebrta kryeministres s\u00eb sapo zgjedhur t\u00eb Danimark\u00ebs, znj. Mette Frederiksen<\/p>\n<p>\u201cPresidenti Meta i d\u00ebrgon mesazh Kryeministres s\u00eb Mbret\u00ebris\u00eb s\u00eb Danimark\u00ebs, znj. Mette Frederiksen<\/p>\n<p>E nderuar Zonja Kryeministre,<\/p>\n<p>Me rastin e zgjedhjes Suaj n\u00eb postin e lart\u00eb t\u00eb Kryeministres s\u00eb Mbret\u00ebris\u00eb s\u00eb Danimark\u00ebs, me k\u00ebnaq\u00ebsi t\u00eb ve\u00e7ant\u00eb d\u00ebshiroj t\u2019Ju d\u00ebrgoj urimet m\u00eb t\u00eb p\u00ebrzem\u00ebrta p\u00ebr p\u00ebrmbushjen me sukses t\u00eb k\u00ebsaj detyre t\u00eb r\u00ebnd\u00ebsishme!<\/p>\n<p>Shpreh besimin e plot\u00eb se p\u00ebrvoja Juaj e madhe por edhe raporti i ve\u00e7ant\u00eb i an\u00ebtar\u00ebve t\u00eb kabinetit tuaj me vendin tim do t\u00eb ngrej\u00eb n\u00eb nj\u00eb nivel edhe m\u00eb t\u00eb lart\u00eb marr\u00ebdh\u00ebniet shum\u00eb-plan\u00ebshe midis Shqip\u00ebris\u00eb dhe Danimark\u00ebs n\u00eb interesin m\u00eb t\u00eb mir\u00eb t\u00eb p\u00ebrbashk\u00ebt.<\/p>\n<p>Kam bindjen, Zonja Kryeministre, se n\u00ebn drejtimin Tuaj, Qeveria e Mbret\u00ebris\u00eb s\u00eb Danimark\u00ebs do t\u00eb vijoj\u00eb mb\u00ebshtetjen e pa\u00e7muar n\u00eb rrug\u00ebtimin e vendit tim drejt Bashkimit Evropian.<\/p>\n<p>Duke Ju p\u00ebrg\u00ebzuar s\u00ebrish p\u00ebr k\u00ebt\u00eb detyr\u00eb shum\u00eb t\u00eb r\u00ebnd\u00ebsishme, si dhe duke Ju siguruar p\u00ebr miq\u00ebsin\u00eb e thell\u00eb t\u00eb popullit shqiptar dhe timin personal p\u00ebr popullin Tuaj, Ju lutem pranoni, e nderuar Zonja Kryeministre, p\u00ebrsh\u00ebndetjet e mia m\u00eb t\u00eb p\u00ebrzem\u00ebrta!|\u201d<\/p>\n<p>&nbsp;<\/p>\n","protected":false},"excerpt":{"rendered":"<p>Presidenti Meta i ka d\u00ebrguar urimet m\u00eb t\u00eb p\u00ebrzem\u00ebrta kryeministres s\u00eb sapo zgjedhur t\u00eb Danimark\u00ebs, znj. Mette Frederiksen \u201cPresidenti Meta i d\u00ebrgon mesazh Kryeministres s\u00eb Mbret\u00ebris\u00eb s\u00eb Danimark\u00ebs, znj. Mette Frederiksen E nderuar Zonja Kryeministre, Me rastin e zgjedhjes Suaj n\u00eb postin e lart\u00eb t\u00eb Kryeministres s\u00eb Mbret\u00ebris\u00eb s\u00eb Danimark\u00ebs, me k\u00ebnaq\u00ebsi t\u00eb ve\u00e7ant\u00eb d\u00ebshiroj [&hellip;]<\/p>\n","protected":false},"author":2013,"featured_media":64681,"comment_status":"open","ping_status":"closed","sticky":false,"template":"","format":"standard","meta":{"footnotes":""},"categories":[241,235],"tags":[],"class_list":{"0":"post-93173","1":"post","2":"type-post","3":"status-publish","4":"format-standard","5":"has-post-thumbnail","7":"category-aktualitet","8":"category-vendi"},"_links":{"self":[{"href":"https:\/\/zjarr.tv\/sq\/wp-json\/wp\/v2\/posts\/93173","targetHints":{"allow":["GET"]}}],"collection":[{"href":"https:\/\/zjarr.tv\/sq\/wp-json\/wp\/v2\/posts"}],"about":[{"href":"https:\/\/zjarr.tv\/sq\/wp-json\/wp\/v2\/types\/post"}],"author":[{"embeddable":true,"href":"https:\/\/zjarr.tv\/sq\/wp-json\/wp\/v2\/users\/2013"}],"replies":[{"embeddable":true,"href":"https:\/\/zjarr.tv\/sq\/wp-json\/wp\/v2\/comments?post=93173"}],"version-history":[{"count":0,"href":"https:\/\/zjarr.tv\/sq\/wp-json\/wp\/v2\/posts\/93173\/revisions"}],"wp:featuredmedia":[{"embeddable":true,"href":"https:\/\/zjarr.tv\/sq\/wp-json\/wp\/v2\/media\/64681"}],"wp:attachment":[{"href":"https:\/\/zjarr.tv\/sq\/wp-json\/wp\/v2\/media?parent=93173"}],"wp:term":[{"taxonomy":"category","embeddable":true,"href":"https:\/\/zjarr.tv\/sq\/wp-json\/wp\/v2\/categories?post=93173"},{"taxonomy":"post_tag","embeddable":true,"href":"https:\/\/zjarr.tv\/sq\/wp-json\/wp\/v2\/tags?post=93173"}],"curies":[{"name":"wp","href":"https:\/\/api.w.org\/{rel}","templated":true}]}}