{"id":93177,"date":"2019-06-29T14:15:09","date_gmt":"2019-06-29T12:15:09","guid":{"rendered":"https:\/\/zjarr.tv\/?p=93177"},"modified":"2019-06-29T14:15:09","modified_gmt":"2019-06-29T12:15:09","slug":"hajdari-i-pergjigjet-zedhenesit-te-presidentit-kujdes-dekretet","status":"publish","type":"post","link":"https:\/\/zjarr.tv\/sq\/hajdari-i-pergjigjet-zedhenesit-te-presidentit-kujdes-dekretet\/","title":{"rendered":"Hajdari i p\u00ebrgjigjet z\u00ebdh\u00ebn\u00ebsit t\u00eb Presidentit: Kujdes dekretet .."},"content":{"rendered":"<p>Deputetja Rudina Hajdari i \u00ebsht\u00eb p\u00ebrgjigjur p\u00ebrmes nj\u00eb postimi n\u00eb facebook z\u00ebdh\u00ebn\u00ebsit t\u00eb Presidenc\u00ebs, Tedi Blushi.<\/p>\n<p>\u201cKur zhg\u00ebnjehet Tedi, q\u00eb as nuk e njoh fare, vet\u00ebkuptohet se sa shum\u00eb m\u00ebrzitem.\u201d Shkruan Rudina Hajdari, nd\u00ebrsa shton se po i replikon me t\u00eb duke qen\u00eb se \u00ebsht\u00eb z\u00ebdh\u00ebn\u00ebs i Presidenc\u00ebs.<\/p>\n<p>\u201cPo t\u00eb kthej p\u00ebrgjigjje meq\u00eb je Z\u00ebdh\u00ebn\u00ebsi i Presidentit dhe i bie q\u00eb ky mesazh, aspak profesional, t\u00eb jet\u00eb i Tij. Gjithsesi, e kalon apo jo mami im Vetting-un, \u00ebsht\u00eb \u00e7\u00ebshtje q\u00eb i takon KPK, OMN &amp; KPA, por ama kujdes kur i shkruani ato dekretet &amp; \u00e7dekretet se po ju dridhet dora.\u201d-p\u00ebrfundon Hajdari reagimin e saj.<\/p>\n<p>&nbsp;<\/p>\n","protected":false},"excerpt":{"rendered":"<p>Deputetja Rudina Hajdari i \u00ebsht\u00eb p\u00ebrgjigjur p\u00ebrmes nj\u00eb postimi n\u00eb facebook z\u00ebdh\u00ebn\u00ebsit t\u00eb Presidenc\u00ebs, Tedi Blushi. \u201cKur zhg\u00ebnjehet Tedi, q\u00eb as nuk e njoh fare, vet\u00ebkuptohet se sa shum\u00eb m\u00ebrzitem.\u201d Shkruan Rudina Hajdari, nd\u00ebrsa shton se po i replikon me t\u00eb duke qen\u00eb se \u00ebsht\u00eb z\u00ebdh\u00ebn\u00ebs i Presidenc\u00ebs. \u201cPo t\u00eb kthej p\u00ebrgjigjje meq\u00eb je Z\u00ebdh\u00ebn\u00ebsi [&hellip;]<\/p>\n","protected":false},"author":2013,"featured_media":93141,"comment_status":"open","ping_status":"closed","sticky":false,"template":"","format":"standard","meta":{"footnotes":""},"categories":[241,235],"tags":[],"class_list":{"0":"post-93177","1":"post","2":"type-post","3":"status-publish","4":"format-standard","5":"has-post-thumbnail","7":"category-aktualitet","8":"category-vendi"},"_links":{"self":[{"href":"https:\/\/zjarr.tv\/sq\/wp-json\/wp\/v2\/posts\/93177","targetHints":{"allow":["GET"]}}],"collection":[{"href":"https:\/\/zjarr.tv\/sq\/wp-json\/wp\/v2\/posts"}],"about":[{"href":"https:\/\/zjarr.tv\/sq\/wp-json\/wp\/v2\/types\/post"}],"author":[{"embeddable":true,"href":"https:\/\/zjarr.tv\/sq\/wp-json\/wp\/v2\/users\/2013"}],"replies":[{"embeddable":true,"href":"https:\/\/zjarr.tv\/sq\/wp-json\/wp\/v2\/comments?post=93177"}],"version-history":[{"count":0,"href":"https:\/\/zjarr.tv\/sq\/wp-json\/wp\/v2\/posts\/93177\/revisions"}],"wp:featuredmedia":[{"embeddable":true,"href":"https:\/\/zjarr.tv\/sq\/wp-json\/wp\/v2\/media\/93141"}],"wp:attachment":[{"href":"https:\/\/zjarr.tv\/sq\/wp-json\/wp\/v2\/media?parent=93177"}],"wp:term":[{"taxonomy":"category","embeddable":true,"href":"https:\/\/zjarr.tv\/sq\/wp-json\/wp\/v2\/categories?post=93177"},{"taxonomy":"post_tag","embeddable":true,"href":"https:\/\/zjarr.tv\/sq\/wp-json\/wp\/v2\/tags?post=93177"}],"curies":[{"name":"wp","href":"https:\/\/api.w.org\/{rel}","templated":true}]}}