{"id":93179,"date":"2019-06-29T14:20:07","date_gmt":"2019-06-29T12:20:07","guid":{"rendered":"https:\/\/zjarr.tv\/?p=93179"},"modified":"2019-06-29T14:20:07","modified_gmt":"2019-06-29T12:20:07","slug":"rama-po-provokon-dhune-paloka-sfidojeni-ramen-mos-u-beni-pjese-farse-e-votimeve-moniste","status":"publish","type":"post","link":"https:\/\/zjarr.tv\/sq\/rama-po-provokon-dhune-paloka-sfidojeni-ramen-mos-u-beni-pjese-farse-e-votimeve-moniste\/","title":{"rendered":"\u2018Rama po provokon dhun\u00eb\/ Paloka: \u2018Sfidojeni Ram\u00ebn, mos u b\u00ebni pjes\u00eb farse e votimeve moniste\u2019"},"content":{"rendered":"<p>N\u00ebnkryetari i Partis\u00eb Demokratike, Edi Paloka, n\u00eb nj\u00eb komunikim nga selia Blu ka denoncuar aktet e dhun\u00ebs s\u00eb Policis\u00eb ndaj qytetar\u00ebve dibran\u00eb t\u00eb cil\u00ebt jan\u00eb sulmuar m\u00ebngjesin e sot\u00ebm me gazlotsjell\u00ebs n\u00eb banesat e tyre\/<\/p>\n<p>Regjimi n\u00eb ikje e Edi Ram\u00ebs e ka kthyer dhun\u00ebn shtet\u00ebrore n\u00eb mjetin kryesor q\u00eb mish\u00ebron procesin kriminal, anti kushtetues dhe antiligjor t\u00eb 30 Qershorit.<\/p>\n<p>Dibra \u00ebsht\u00eb prova m\u00eb e qart\u00eb e k\u00ebsaj dhune shtet\u00ebrore. Polic\u00eb, njer\u00ebz mer maska dhe uniforma shteti, por pa identifikim, si dhe forca speciale t\u00eb ushtris\u00eb me uniforma t\u00eb p\u00ebrziera jan\u00eb b\u00ebr\u00eb nj\u00ebsh p\u00ebr t\u00eb dhunuar, p\u00ebr t\u00eb terrorizuar qytetar\u00ebt e Dibr\u00ebs dhe p\u00ebr t\u2019i detyruar ata t\u00eb dalin n\u00eb votimet moniste dhe t\u00eb paligjshme, t\u00eb organizuara nga Edi Rama.<\/p>\n<p>Mbr\u00ebmjen e djeshme nuk ka ndodhur asgj\u00eb nga ato q\u00eb policia politike e Edi Ram\u00ebs dhe Sand\u00ebr Lleshajt mashtroi. Nuk \u00ebsht\u00eb hedhur asnj\u00eb bomb\u00eb molotov. Ka patur vet\u00ebm protestues paq\u00ebsor\u00eb n\u00eb t\u00eb drejt\u00ebn e tyre kushtetuese p\u00ebr t\u00eb kund\u00ebrshtuar rikthimin e diktatur\u00ebs n\u00eb vend.<\/p>\n<p>E vetmja q\u00eb ka qen\u00eb n\u00eb paligjshm\u00ebri, ishte policia, e cila ka goditur me gaz lotsjell\u00ebs protestuesit paq\u00ebsore.<\/p>\n<p>D\u00ebshmia e infermieres kurajoze nga Dibra, rr\u00ebzon posht\u00eb propagand\u00ebn dhe mashtrimet luft\u00ebnxit\u00ebse t\u00eb Sand\u00ebr Lleshajt dhe Edi Ram\u00ebs. Infermierja tha t\u00eb v\u00ebrtet\u00ebn se polic\u00ebt nuk jan\u00eb l\u00ebnduar nga protestuesit paq\u00ebsor\u00eb, por nga vet\u00eb koleg\u00ebt e tyre.<\/p>\n<p>N\u00eb dhunim t\u00eb r\u00ebnd\u00eb t\u00eb ligjit, policia dhe forca t\u00eb paidentifikueshme, t\u00eb pajisura me armatim ushtarak dhe jo policor, kan\u00eb nd\u00ebrhyr\u00eb si bandit\u00eb n\u00eb familjen Kaloshi n\u00eb Dib\u00ebr, duke arrestuar dhe dhunuar n\u00eb or\u00ebn 03.00 t\u00eb mengjesit disa an\u00ebtar\u00eb t\u00eb k\u00ebsaj familjeje.<\/p>\n<p>Ata kan\u00eb goditur me gaz lotsjell\u00ebs dhe jan\u00eb treguar barbar\u00eb kund\u00ebr grave dhe f\u00ebmij\u00ebve, duke i goditur dhe duke i ndaluar t\u00eb marrin menj\u00ebher\u00eb ndihm\u00ebn e shpejt\u00eb.<\/p>\n<p>Arsyeja e vetme e k\u00ebsaj dhune shtet\u00ebrore dhe kriminale \u00ebsht\u00eb se an\u00ebtar\u00ebt e familjes Kaloshi jan\u00eb kund\u00ebrshtar\u00eb politik\u00eb t\u00eb regjimit t\u00eb Edi Ram\u00ebs.<\/p>\n<p>Dhuna shtet\u00ebrore n\u00eb Dib\u00ebr organizohet nga e nj\u00ebjta band\u00eb shtet\u00ebroro-kriminale q\u00eb ka dal\u00eb n\u00eb p\u00ebrgjimet e BILD-it, duke bler\u00eb vota, duke k\u00ebrc\u00ebnuar dhe dhunuar qytetar\u00ebt, duke penguar vot\u00ebn e kund\u00ebrshtar\u00ebve.<\/p>\n<p>N\u00eb vend q\u00eb Imer Lala, Dionis Imeraj, Robert Aga dhe bandit\u00eb t\u00eb tjer\u00eb t\u00eb ishin pas hekurave t\u00eb burgut p\u00ebr shkat\u00ebrrimin e proecit zgjedhor t\u00eb Dibr\u00ebs, ata jan\u00eb jan\u00eb t\u00eb lir\u00eb dhe po organizojn\u00eb fars\u00ebn e s\u00eb diel\u00ebs dhe dhun\u00ebn shtet\u00ebrore p\u00ebr llogari t\u00eb Edi Ram\u00ebs.<\/p>\n<p>Imer Lala, Dionis Imeraj, Robert Aga dhe bandit\u00ebt me apo pa uniform\u00eb, me apo pa maska jan\u00eb simbolet e Edi Ram\u00ebs p\u00ebr 30 Qershorin n\u00eb Dib\u00ebr.<\/p>\n<p>Qytetar\u00ebt nuk pranojn\u00eb kurr\u00eb dhun\u00ebn shtet\u00ebrore t\u00eb Edi Ram\u00ebs, q\u00eb p\u00ebr karrigen e tij, \u00ebsht\u00eb gati t\u00eb shkat\u00ebrroj\u00eb gjith\u00e7ka.<\/p>\n<p>Shqiptar\u00ebt jan\u00eb gati t\u00eb reagojn\u00eb si qytetar\u00eb europian\u00eb kund\u00ebr instalimit t\u00eb nj\u00eb diktature t\u00eb re n\u00eb Shqip\u00ebri.<\/p>\n<p>Edi Rama k\u00ebrkon viktima ndaj nxit konflikt me dhun\u00ebn shtet\u00ebrore dhe banditeske kund\u00ebr qytetar\u00ebve t\u00eb pafajsh\u00ebm.<\/p>\n<p>Por ne nuk duhet t\u00eb lejojm\u00eb q\u00eb asnj\u00eb fije floku i asnj\u00eb shqiptari t\u00eb preket p\u00ebr t\u2019i zgjatur jet\u00ebn k\u00ebtij regjimi n\u00eb grahmat e fundit.<\/p>\n<p>Partia Demokratike fton \u00e7do qytetar t\u00eb mos bjer\u00eb pre e provokimeve t\u00eb Edi Ram\u00ebs.<\/p>\n<p>Refuzojeni Edi Ram\u00ebn!<br \/>\nBraktiseni Edi Ram\u00ebn!<br \/>\nBojkotojeni Edi Ram\u00ebn!<\/p>\n<p>Sfidojeni dhe mos ju p\u00ebrkulni presionit t\u00eb tij p\u00ebr t\u00eb dal\u00eb n\u00eb votimet fars\u00eb!<\/p>\n<p>Filmoni, egjistroni, fotografoni dhe denonconi cdo dhunim, presion, dhun\u00eb, fallsfikim, mashtrim q\u00eb regjimi i tij b\u00ebn.<\/p>\n<p>T\u00eb bashkuar ne jemi shumica, ne jemi forca dhe garancia e ndryshimt q\u00eb po vjen!<\/p>\n<p>&nbsp;<\/p>\n","protected":false},"excerpt":{"rendered":"<p>N\u00ebnkryetari i Partis\u00eb Demokratike, Edi Paloka, n\u00eb nj\u00eb komunikim nga selia Blu ka denoncuar aktet e dhun\u00ebs s\u00eb Policis\u00eb ndaj qytetar\u00ebve dibran\u00eb t\u00eb cil\u00ebt jan\u00eb sulmuar m\u00ebngjesin e sot\u00ebm me gazlotsjell\u00ebs n\u00eb banesat e tyre\/ Regjimi n\u00eb ikje e Edi Ram\u00ebs e ka kthyer dhun\u00ebn shtet\u00ebrore n\u00eb mjetin kryesor q\u00eb mish\u00ebron procesin kriminal, anti kushtetues [&hellip;]<\/p>\n","protected":false},"author":2013,"featured_media":88972,"comment_status":"open","ping_status":"closed","sticky":false,"template":"","format":"standard","meta":{"footnotes":""},"categories":[241,235],"tags":[],"class_list":{"0":"post-93179","1":"post","2":"type-post","3":"status-publish","4":"format-standard","5":"has-post-thumbnail","7":"category-aktualitet","8":"category-vendi"},"_links":{"self":[{"href":"https:\/\/zjarr.tv\/sq\/wp-json\/wp\/v2\/posts\/93179","targetHints":{"allow":["GET"]}}],"collection":[{"href":"https:\/\/zjarr.tv\/sq\/wp-json\/wp\/v2\/posts"}],"about":[{"href":"https:\/\/zjarr.tv\/sq\/wp-json\/wp\/v2\/types\/post"}],"author":[{"embeddable":true,"href":"https:\/\/zjarr.tv\/sq\/wp-json\/wp\/v2\/users\/2013"}],"replies":[{"embeddable":true,"href":"https:\/\/zjarr.tv\/sq\/wp-json\/wp\/v2\/comments?post=93179"}],"version-history":[{"count":0,"href":"https:\/\/zjarr.tv\/sq\/wp-json\/wp\/v2\/posts\/93179\/revisions"}],"wp:featuredmedia":[{"embeddable":true,"href":"https:\/\/zjarr.tv\/sq\/wp-json\/wp\/v2\/media\/88972"}],"wp:attachment":[{"href":"https:\/\/zjarr.tv\/sq\/wp-json\/wp\/v2\/media?parent=93179"}],"wp:term":[{"taxonomy":"category","embeddable":true,"href":"https:\/\/zjarr.tv\/sq\/wp-json\/wp\/v2\/categories?post=93179"},{"taxonomy":"post_tag","embeddable":true,"href":"https:\/\/zjarr.tv\/sq\/wp-json\/wp\/v2\/tags?post=93179"}],"curies":[{"name":"wp","href":"https:\/\/api.w.org\/{rel}","templated":true}]}}