{"id":93193,"date":"2019-06-29T14:53:46","date_gmt":"2019-06-29T12:53:46","guid":{"rendered":"https:\/\/zjarr.tv\/?p=93193"},"modified":"2019-06-29T14:53:46","modified_gmt":"2019-06-29T12:53:46","slug":"frrokaj-edhe-pse-vetem-ne-gare-ps-do-marre-rezultat-zhgenjyes","status":"publish","type":"post","link":"https:\/\/zjarr.tv\/sq\/frrokaj-edhe-pse-vetem-ne-gare-ps-do-marre-rezultat-zhgenjyes\/","title":{"rendered":"Frrokaj: Edhe pse vet\u00ebm n\u00eb gar\u00eb, PS do marr\u00eb rezultat zhg\u00ebnjyes"},"content":{"rendered":"<p>Kryebashkiaku i Lezh\u00ebs, Fran Frrokaj \u00ebsht\u00eb shprehur se edhe pse vet\u00ebm n\u00eb gar\u00eb do marr\u00eb rezultat zhg\u00ebnjyes.<\/p>\n<p>Frrokaj i ftoi gjith\u00eb qytetar\u00ebt lezhjan\u00eb n\u00eb plazh t\u00eb diel\u00ebn.<\/p>\n<p><strong>Fran Frrokaj:\u00a0<\/strong><em>&#8220;Ju garantoj se nuk do i funksionoj\u00eb Edi Ram\u00ebs kjo lloj zgjidhje. Lezha p\u00ebr fat \u00ebsht\u00eb nj\u00eb vend i mrekulluesh\u00ebm me resurse t\u00eb jasht\u00ebzakonshme. Koha po mban mir\u00eb k\u00ebshtu q\u00eb ju ftoj t\u00eb gjith\u00ebve n\u00eb plazh dhe t\u00eb kaloni nj\u00eb dit\u00eb t\u00eb k\u00ebndshme e ti japin nj\u00eb &#8216;JO&#8217; t\u00eb madhe k\u00ebsaj lloj diktature. Nuk \u00e7uditem aspak n\u00ebse rezultati do jet\u00eb surprizues p\u00ebr t\u00eb majt\u00ebt dhe t\u00eb djatht\u00ebt. Pra rezultati do jet\u00eb sa m\u00eb i thell\u00eb negativisht p\u00ebr PS.&#8221;<\/em><\/p>\n<p>Kryebashkiaku tha n\u00eb Shqip\u00ebri po c\u00ebnohet liria e fjal\u00ebs dhe vot\u00ebs.<\/p>\n<p><strong>Fran Frrokaj:\u00a0<\/strong><em>&#8220;Demokracin\u00eb nga nj\u00eb sistem diktatorial e ndalon liria e fjal\u00ebs, liria e vot\u00ebs dhe liria e pun\u00ebs. N\u00eb Shqip\u00ebri dy t\u00eb parat jan\u00eb c\u00ebnuar eg\u00ebrsisht dhe e treta pothuajse \u00ebsht\u00eb e rr\u00ebnuar. Fjala po i mohohet gjithkujt, vota e drejta e zgjedhjes po na mohohet t\u00eb gjith\u00ebve dhe prona ka problemet q\u00eb ka. Un\u00eb i b\u00ebj thirrje t\u00eb gjith\u00ebve q\u00eb me dat\u00ebn 30 qershor t\u00eb zbatojm\u00eb me p\u00ebrpikm\u00ebri dekretin e presidentit q\u00eb thot\u00eb se m\u00eb 30 qershor nuk ka votime.<\/em><\/p>\n<p>&nbsp;<\/p>\n","protected":false},"excerpt":{"rendered":"<p>Kryebashkiaku i Lezh\u00ebs, Fran Frrokaj \u00ebsht\u00eb shprehur se edhe pse vet\u00ebm n\u00eb gar\u00eb do marr\u00eb rezultat zhg\u00ebnjyes. Frrokaj i ftoi gjith\u00eb qytetar\u00ebt lezhjan\u00eb n\u00eb plazh t\u00eb diel\u00ebn. Fran Frrokaj:\u00a0&#8220;Ju garantoj se nuk do i funksionoj\u00eb Edi Ram\u00ebs kjo lloj zgjidhje. Lezha p\u00ebr fat \u00ebsht\u00eb nj\u00eb vend i mrekulluesh\u00ebm me resurse t\u00eb jasht\u00ebzakonshme. Koha po mban [&hellip;]<\/p>\n","protected":false},"author":2013,"featured_media":93194,"comment_status":"open","ping_status":"closed","sticky":false,"template":"","format":"standard","meta":{"footnotes":""},"categories":[241,235],"tags":[],"class_list":{"0":"post-93193","1":"post","2":"type-post","3":"status-publish","4":"format-standard","5":"has-post-thumbnail","7":"category-aktualitet","8":"category-vendi"},"_links":{"self":[{"href":"https:\/\/zjarr.tv\/sq\/wp-json\/wp\/v2\/posts\/93193","targetHints":{"allow":["GET"]}}],"collection":[{"href":"https:\/\/zjarr.tv\/sq\/wp-json\/wp\/v2\/posts"}],"about":[{"href":"https:\/\/zjarr.tv\/sq\/wp-json\/wp\/v2\/types\/post"}],"author":[{"embeddable":true,"href":"https:\/\/zjarr.tv\/sq\/wp-json\/wp\/v2\/users\/2013"}],"replies":[{"embeddable":true,"href":"https:\/\/zjarr.tv\/sq\/wp-json\/wp\/v2\/comments?post=93193"}],"version-history":[{"count":0,"href":"https:\/\/zjarr.tv\/sq\/wp-json\/wp\/v2\/posts\/93193\/revisions"}],"wp:featuredmedia":[{"embeddable":true,"href":"https:\/\/zjarr.tv\/sq\/wp-json\/wp\/v2\/media\/93194"}],"wp:attachment":[{"href":"https:\/\/zjarr.tv\/sq\/wp-json\/wp\/v2\/media?parent=93193"}],"wp:term":[{"taxonomy":"category","embeddable":true,"href":"https:\/\/zjarr.tv\/sq\/wp-json\/wp\/v2\/categories?post=93193"},{"taxonomy":"post_tag","embeddable":true,"href":"https:\/\/zjarr.tv\/sq\/wp-json\/wp\/v2\/tags?post=93193"}],"curies":[{"name":"wp","href":"https:\/\/api.w.org\/{rel}","templated":true}]}}