{"id":93196,"date":"2019-06-29T15:09:56","date_gmt":"2019-06-29T13:09:56","guid":{"rendered":"https:\/\/zjarr.tv\/?p=93196"},"modified":"2019-06-29T15:09:56","modified_gmt":"2019-06-29T13:09:56","slug":"dalja-ne-votime-vasili-qytetaret-po-kercenohen-me-buken-e-gojes","status":"publish","type":"post","link":"https:\/\/zjarr.tv\/sq\/dalja-ne-votime-vasili-qytetaret-po-kercenohen-me-buken-e-gojes\/","title":{"rendered":"Dalja n\u00eb votime, Vasili: Qytetar\u00ebt po k\u00ebrc\u00ebnohen me buk\u00ebn e goj\u00ebs"},"content":{"rendered":"<p>N\u00ebnkryetari i L\u00ebvizjes Socialiste p\u00ebr Integrim, Petrit Vasili ka b\u00ebr\u00eb thirrje qytetar\u00ebve q\u00eb t\u00eb mos bien pre e presionit q\u00eb b\u00ebn Edi Rama dhe banda e tij.<\/p>\n<p>Gjat\u00eb nj\u00eb deklarate t\u00eb tij nga selia e LSI-s\u00eb, Vasili tha se \u2018\u00ebsht\u00eb tashm\u00eb e qart\u00eb publike dhe pa asnj\u00eb ekuivok q\u00eb ka nisur nj\u00eb fushat\u00eb kriminale, k\u00ebrc\u00ebnimesh t\u00eb pushtetit t\u00eb Rilindjes duke shantazhuar me buk\u00ebn e goj\u00ebs dhe vendin e pun\u00ebs mij\u00ebra punonj\u00ebs t\u00eb administrat\u00ebs publike q\u00eb ata t\u00eb marrin pjes\u00eb n\u00eb votimet e paligjshme, moniste, t\u00eb sh\u00ebmtuara t\u00eb 30 qershorit\u2019.<\/p>\n<p><strong>Deklarata e plot\u00eb e Petrit Vasilit:<\/strong><\/p>\n<p>T\u00eb nderuar qytetar\u00eb dhe qytetare,<\/p>\n<p>T\u00eb nderuar m\u00ebsues, mjek\u00eb, infermier, polic\u00eb, ushtarak, t\u00eb gjith\u00eb ju t\u00eb tjer\u00ebt punonj\u00ebs t\u00eb thjesht\u00eb t\u00eb administrat\u00ebs publike shtet\u00ebrore dhe vendore t\u00eb Republik\u00ebs s\u00eb Shqip\u00ebris\u00eb.<\/p>\n<p>\u00cbsht\u00eb tashm\u00eb e qart\u00eb publike dhe pa asnj\u00eb ekuivok q\u00eb ka nisur nj\u00eb fushat\u00eb kriminale, k\u00ebrc\u00ebnimesh t\u00eb pushtetit t\u00eb Rilindjes duke shantazhuar me buk\u00ebn e goj\u00ebs dhe vendin e pun\u00ebs mij\u00ebra punonj\u00ebs t\u00eb administrat\u00ebs publike q\u00eb ata t\u00eb marrin pjes\u00eb n\u00eb votimet e paligjshme, moniste, t\u00eb sh\u00ebmtuara t\u00eb 30 qershorit.<\/p>\n<p>E dim\u00eb dhe jemi shum\u00eb t\u00eb qart\u00eb dhe kemi sigurisht n\u00eb dispozicion informacione pafund, informacione v\u00ebrtet\u00eb t\u00eb liga, t\u00eb poshtra t\u00eb f\u00eblliqura q\u00eb vet\u00ebm Rilindja i b\u00ebn. Se drejtuesit e Rilindjes, e institucioneve publike, t\u00eb ministrive, drejtor\u00eb t\u00eb t\u00eb gjitha niveleve p\u00ebrmes k\u00ebshilltar\u00ebve e shefave t\u00eb tyre t\u00eb shp\u00ebrndar\u00eb ngado, n\u00ebp\u00ebrmjet pozicioneve, t\u00eb paligjshme q\u00eb Rilindja u ka dh\u00ebn\u00eb si dhurat\u00eb, q\u00eb kan\u00eb marr\u00eb p\u00ebrsip\u00ebr t\u00eb k\u00ebrc\u00ebnojn\u00eb e shantazhojn\u00eb, duke marr\u00eb dhe t\u00eb dh\u00ebnat personale edhe farefisnore t\u00eb punonj\u00ebsve t\u00eb administrat\u00ebs publike, p\u00ebr t\u2019i detyruar me shantazhe e k\u00ebrc\u00ebnime q\u00eb ata t\u00eb marrin pjes\u00eb n\u00eb votimet e paligjshme, moniste t\u00eb 30 qershorit.<\/p>\n<p>Ju b\u00ebjm\u00eb me dije t\u00eb gjith\u00ebve ju, biznesmen\u00eb, t\u00eb vegj\u00ebl e t\u00eb m\u00ebdhenj, biznesmen\u00eb t\u00eb mes\u00ebm dhe kapilar\u00eb n\u00eb t\u00eb gjith\u00eb territorin e Republik\u00ebs s\u00eb Shqip\u00ebris\u00eb, q\u00eb jeni n\u00ebn presionin e taksidar\u00ebve t\u00eb Rilindjes. E dim\u00eb shum\u00eb mir\u00eb t\u00eb nderuar fermer\u00eb, q\u00eb jeni n\u00ebn presion p\u00ebr heqjen e subvencioneve. E dim\u00eb shum\u00eb mir\u00eb q\u00eb t\u00eb gjitha llojet e bizneseve t\u00eb cilat jan\u00eb n\u00ebn presionin fiskal, p\u00ebr t\u00eb detyruar e bizneseve, q\u00eb punonj\u00ebsit e bizneseve t\u00eb marrin pjes\u00eb n\u00eb votimet e paligjshme dhe moniste t\u00eb 30 qershorit.<\/p>\n<p>I dim\u00eb edhe shum\u00eb njer\u00ebz t\u00eb tjer\u00eb, me probleme t\u00eb t\u00eb gjitha llojeve e formave q\u00eb k\u00ebrc\u00ebnohen me ndihm\u00ebn shoq\u00ebrore, q\u00eb k\u00ebrc\u00ebnohen edhe me Kempin, p\u00ebr aft\u00ebsin\u00eb e kufizuar t\u00eb tyre. k\u00ebrc\u00ebnohen me t\u00eb gjitha format q\u00eb kan\u00eb t\u00eb b\u00ebjn\u00eb me mbijetes\u00ebn e tyre dhe jan\u00eb t\u00eb gjith\u00eb n\u00ebn sh\u00ebnjestr\u00ebn e nj\u00eb qeverie, pushteti dhe nj\u00eb rilindje gangster\u00ebsh, p\u00ebr pjes\u00ebmarrjen me dhun\u00eb n\u00eb votimet moniste t\u00eb paligjshme t\u00eb 30 qershorit.<\/p>\n<p>Ka nj\u00eb arm\u00eb, e cila \u00ebsht\u00eb arma e shumic\u00ebs s\u00eb shqiptar\u00ebve, nj\u00eb shumice d\u00ebrrmuese t\u00eb papar\u00eb ndonj\u00ebher\u00eb n\u00eb Shqip\u00ebri n\u00eb k\u00ebto dimensione, n\u00eb k\u00ebto p\u00ebrmasa, e cila refuzon haptas dhe prer\u00eb t\u00eb pranojn\u00eb monizmin e gangster\u00ebve t\u00eb Edi Ram\u00ebs.<\/p>\n<p>Megjithat\u00eb t\u00eb nderuar punonj\u00ebs dhe t\u00eb dini q\u00eb ligji \u00ebsht\u00eb me ju. Kund\u00ebr ligjit jan\u00eb ata. Ligji flet qart\u00eb dhe ata do t\u00eb p\u00ebrgjigjen deri n\u00eb fund. Ne jemi garanci e plot\u00eb politike dhe juridike p\u00ebr secilin nga ju.<\/p>\n<p>T\u00eb nderuar mij\u00ebra punonj\u00ebs t\u00eb administrat\u00ebs, njer\u00ebz t\u00eb thjesht\u00eb kudo q\u00eb jeni, ky \u00ebsht\u00eb ligji. Ky \u00ebsht\u00eb Kodi Penal i Republik\u00ebs s\u00eb Shqip\u00ebris\u00eb. Neni 328, pika a, paragrafi i fundit thot\u00eb: Detyrimi ose k\u00ebrkesat nga nj\u00eb punonj\u00ebs q\u00eb kryen nj\u00eb detyr\u00eb shtet\u00ebrore q\u00eb kund\u00ebr vullnetit t\u00eb tyre ose n\u00ebn k\u00ebrc\u00ebnimin e p\u00ebrdorimit t\u00eb masave administrative ose disiplinore p\u00ebr t\u00eb marr\u00eb pjes\u00eb n\u00eb veprimtari zgjedhore t\u00eb nj\u00eb subjekti, p\u00ebr t\u00eb marr\u00eb pjes\u00eb ose jo n\u00eb zgjedhje, p\u00ebr t\u00eb mb\u00ebshtetur nj\u00eb parti politike ose nj\u00eb kandidat dhe p\u00ebr t\u00eb votuar n\u00eb m\u00ebnyr\u00eb t\u00eb caktuar, p\u00ebrb\u00ebn vep\u00ebr penale q\u00eb d\u00ebnohet nga nj\u00eb deri n\u00eb tre vjet.<\/p>\n<p>Ta din\u00eb t\u00eb gjith\u00eb k\u00ebta drejtor\u00eb shantazhues, kjo ushtri shantazhuesish maskarenjsh q\u00eb ligji \u00ebsht\u00eb n\u00eb favor t\u00eb punonj\u00ebsve t\u00eb administrat\u00ebs. Askush nuk mund ti largoj\u00eb nga puna, l\u00eb t\u00eb guxojn\u00eb tu largojn\u00eb nga puna! T\u00eb gjith\u00eb s\u00eb bashku ju keni nj\u00eb armat\u00eb t\u00eb t\u00ebr\u00eb njer\u00ebzish, miqsh, dashamir\u00ebs dhe forcash politike q\u00eb ka nj\u00eb fuqi juridike dhe politike t\u00eb pamas\u00eb q\u00eb t\u2019iu mb\u00ebshtes\u00eb, t\u00eb mos iu l\u00ebr\u00eb vet\u00ebm dhe t\u2019iu tregojm\u00eb vendin atyre.<\/p>\n<p>Ndaj, me fuqin\u00eb e t\u00eb drejt\u00ebs, me fuqin\u00eb e ligjit, me fuqin\u00eb e moralit, kemi vet\u00ebm nj\u00eb detyr\u00eb t\u00eb gjith\u00eb s\u00eb bashku, q\u00eb t\u00eb refuzojm\u00eb monizmin e f\u00eblliqur t\u00eb Edi Ram\u00ebs. Ndaj, refuzojeni k\u00ebt\u00eb moniz\u00ebm t\u00eb Edi Ram\u00ebs. Kemi nj\u00eb arm\u00eb, ta braktisim haptas, masivisht, t\u2019i japim nd\u00ebshkimin m\u00eb t\u00eb rrept\u00eb monizmit t\u00eb Edi Ram\u00ebs, prandaj braktiseni monizmin e Edi Ram\u00ebs.<\/p>\n<p>S\u00eb fundi, kemi nj\u00eb arm\u00eb akoma edhe m\u00eb t\u00eb fuqishme, ta bojkotojm\u00eb nj\u00ebher\u00eb e p\u00ebrgjithmon\u00eb at\u00eb moniz\u00ebm t\u00eb f\u00eblliqur dhe t\u00eb sh\u00ebmtuar t\u00eb Edi Ram\u00ebs i cili \u00ebsht\u00eb nj\u00eb reminishenc\u00eb e posht\u00ebr e atij monizmi i cili i shtyu shqiptar\u00ebt n\u00eb anije n\u00ebp\u00ebr Evrop\u00eb, t\u00eb varf\u00ebr, t\u00eb skamur, t\u00eb pangr\u00ebn\u00eb, t\u00eb uritur. Ajo koh\u00eb ka mbaruar dhe nuk p\u00ebrs\u00ebritet kurr\u00eb, mbi 90 p\u00ebrqind t\u00eb shqiptar\u00ebve e kan\u00eb marr\u00eb vendimin e tyre t\u00eb pakthyesh\u00ebm p\u00ebr tu th\u00ebn\u00eb jo votimeve moniste t\u00eb Edi Ram\u00ebs. T\u00eb gjith\u00eb bashk\u00eb t\u2019i japim m\u00ebsimin p\u00ebrfundimtar k\u00ebsaj kufome politike q\u00eb qelbet er\u00eb. U faleminderit t\u00eb gjith\u00ebve.<\/p>\n<p>&nbsp;<\/p>\n","protected":false},"excerpt":{"rendered":"<p>N\u00ebnkryetari i L\u00ebvizjes Socialiste p\u00ebr Integrim, Petrit Vasili ka b\u00ebr\u00eb thirrje qytetar\u00ebve q\u00eb t\u00eb mos bien pre e presionit q\u00eb b\u00ebn Edi Rama dhe banda e tij. Gjat\u00eb nj\u00eb deklarate t\u00eb tij nga selia e LSI-s\u00eb, Vasili tha se \u2018\u00ebsht\u00eb tashm\u00eb e qart\u00eb publike dhe pa asnj\u00eb ekuivok q\u00eb ka nisur nj\u00eb fushat\u00eb kriminale, k\u00ebrc\u00ebnimesh [&hellip;]<\/p>\n","protected":false},"author":2013,"featured_media":69353,"comment_status":"open","ping_status":"closed","sticky":false,"template":"","format":"standard","meta":{"footnotes":""},"categories":[241,235],"tags":[],"class_list":{"0":"post-93196","1":"post","2":"type-post","3":"status-publish","4":"format-standard","5":"has-post-thumbnail","7":"category-aktualitet","8":"category-vendi"},"_links":{"self":[{"href":"https:\/\/zjarr.tv\/sq\/wp-json\/wp\/v2\/posts\/93196","targetHints":{"allow":["GET"]}}],"collection":[{"href":"https:\/\/zjarr.tv\/sq\/wp-json\/wp\/v2\/posts"}],"about":[{"href":"https:\/\/zjarr.tv\/sq\/wp-json\/wp\/v2\/types\/post"}],"author":[{"embeddable":true,"href":"https:\/\/zjarr.tv\/sq\/wp-json\/wp\/v2\/users\/2013"}],"replies":[{"embeddable":true,"href":"https:\/\/zjarr.tv\/sq\/wp-json\/wp\/v2\/comments?post=93196"}],"version-history":[{"count":0,"href":"https:\/\/zjarr.tv\/sq\/wp-json\/wp\/v2\/posts\/93196\/revisions"}],"wp:featuredmedia":[{"embeddable":true,"href":"https:\/\/zjarr.tv\/sq\/wp-json\/wp\/v2\/media\/69353"}],"wp:attachment":[{"href":"https:\/\/zjarr.tv\/sq\/wp-json\/wp\/v2\/media?parent=93196"}],"wp:term":[{"taxonomy":"category","embeddable":true,"href":"https:\/\/zjarr.tv\/sq\/wp-json\/wp\/v2\/categories?post=93196"},{"taxonomy":"post_tag","embeddable":true,"href":"https:\/\/zjarr.tv\/sq\/wp-json\/wp\/v2\/tags?post=93196"}],"curies":[{"name":"wp","href":"https:\/\/api.w.org\/{rel}","templated":true}]}}