{"id":93205,"date":"2019-06-29T15:29:25","date_gmt":"2019-06-29T13:29:25","guid":{"rendered":"https:\/\/zjarr.tv\/?p=93205"},"modified":"2019-06-29T15:29:25","modified_gmt":"2019-06-29T13:29:25","slug":"presidenti-meta-thirrje-per-shqiptaret-silluni-me-qetesi-dhe-mencuri","status":"publish","type":"post","link":"https:\/\/zjarr.tv\/sq\/presidenti-meta-thirrje-per-shqiptaret-silluni-me-qetesi-dhe-mencuri\/","title":{"rendered":"Presidenti Meta thirrje p\u00ebr shqiptar\u00ebt: Silluni me qet\u00ebsi dhe men\u00e7uri"},"content":{"rendered":"<p>Presidenti Meta u ka d\u00ebrguar edhe nj\u00eb tjet\u00ebr mesazh shqiptar\u00ebve duke u k\u00ebrkuar atyre q\u00eb n\u00eb k\u00ebto momente t\u00eb v\u00ebshtira t\u00eb sillen me qet\u00ebsi dhe men\u00e7uri, me q\u00ebllim q\u00eb \u201ct\u00eb gjith\u00eb duhet t&#8217;i sh\u00ebrbejm\u00eb asaj dhe s\u00eb ardhmes europiane t\u00eb Shqip\u00ebris\u00eb.\u201d<\/p>\n<p>\u201cT\u00eb dashur qytetar\u00eb,<\/p>\n<p>P\u00ebrs\u00ebris thirrjen time p\u00ebr t\u00eb respektuar n\u00eb m\u00ebnyr\u00eb civile dhe demokratike vendimin e gjith\u00ebsecilit gjat\u00eb dit\u00ebs s\u00eb nes\u00ebrme.<\/p>\n<p>S\u00ebrish ju ftoj t\u00eb gjith\u00ebve t\u00eb silleni me qet\u00ebsi dhe men\u00e7uri!<\/p>\n<p>\u00cbsht\u00eb shum\u00eb e r\u00ebnd\u00ebsishme vet\u00ebp\u00ebrmbajtja e gjith\u00ebsecilit!<\/p>\n<p>E theksoj edhe nj\u00ebher\u00eb r\u00ebnd\u00ebsin\u00eb e jasht\u00ebzakonshm\u00eb q\u00eb ka nes\u00ebr ruajtja e paqes sociale.<\/p>\n<p>T\u00eb gjith\u00eb duhet t&#8217;i sh\u00ebrbejm\u00eb asaj dhe s\u00eb ardhmes europiane t\u00eb Shqip\u00ebris\u00eb.<\/p>\n<p>Shmangni provokimet q\u00eb mund t&#8217;ju \u00e7ojn\u00eb drejt dhun\u00ebs, n\u00eb m\u00ebnyr\u00eb q\u00eb dallimet politike t\u00eb mos c\u00ebnojn\u00eb bashk\u00ebjetes\u00ebn qytetare n\u00eb \u00e7do familje, n\u00eb \u00e7do lagje, n\u00eb \u00e7do fshat, n\u00eb \u00e7do qytet dhe n\u00eb t\u00eb gjith\u00eb shoq\u00ebrin\u00eb ton\u00eb.????????<\/p>\n<p>&nbsp;<\/p>\n","protected":false},"excerpt":{"rendered":"<p>Presidenti Meta u ka d\u00ebrguar edhe nj\u00eb tjet\u00ebr mesazh shqiptar\u00ebve duke u k\u00ebrkuar atyre q\u00eb n\u00eb k\u00ebto momente t\u00eb v\u00ebshtira t\u00eb sillen me qet\u00ebsi dhe men\u00e7uri, me q\u00ebllim q\u00eb \u201ct\u00eb gjith\u00eb duhet t&#8217;i sh\u00ebrbejm\u00eb asaj dhe s\u00eb ardhmes europiane t\u00eb Shqip\u00ebris\u00eb.\u201d \u201cT\u00eb dashur qytetar\u00eb, P\u00ebrs\u00ebris thirrjen time p\u00ebr t\u00eb respektuar n\u00eb m\u00ebnyr\u00eb civile dhe demokratike [&hellip;]<\/p>\n","protected":false},"author":2013,"featured_media":85288,"comment_status":"open","ping_status":"closed","sticky":false,"template":"","format":"standard","meta":{"footnotes":""},"categories":[241,235],"tags":[],"class_list":{"0":"post-93205","1":"post","2":"type-post","3":"status-publish","4":"format-standard","5":"has-post-thumbnail","7":"category-aktualitet","8":"category-vendi"},"_links":{"self":[{"href":"https:\/\/zjarr.tv\/sq\/wp-json\/wp\/v2\/posts\/93205","targetHints":{"allow":["GET"]}}],"collection":[{"href":"https:\/\/zjarr.tv\/sq\/wp-json\/wp\/v2\/posts"}],"about":[{"href":"https:\/\/zjarr.tv\/sq\/wp-json\/wp\/v2\/types\/post"}],"author":[{"embeddable":true,"href":"https:\/\/zjarr.tv\/sq\/wp-json\/wp\/v2\/users\/2013"}],"replies":[{"embeddable":true,"href":"https:\/\/zjarr.tv\/sq\/wp-json\/wp\/v2\/comments?post=93205"}],"version-history":[{"count":0,"href":"https:\/\/zjarr.tv\/sq\/wp-json\/wp\/v2\/posts\/93205\/revisions"}],"wp:featuredmedia":[{"embeddable":true,"href":"https:\/\/zjarr.tv\/sq\/wp-json\/wp\/v2\/media\/85288"}],"wp:attachment":[{"href":"https:\/\/zjarr.tv\/sq\/wp-json\/wp\/v2\/media?parent=93205"}],"wp:term":[{"taxonomy":"category","embeddable":true,"href":"https:\/\/zjarr.tv\/sq\/wp-json\/wp\/v2\/categories?post=93205"},{"taxonomy":"post_tag","embeddable":true,"href":"https:\/\/zjarr.tv\/sq\/wp-json\/wp\/v2\/tags?post=93205"}],"curies":[{"name":"wp","href":"https:\/\/api.w.org\/{rel}","templated":true}]}}