{"id":93213,"date":"2019-06-29T15:58:54","date_gmt":"2019-06-29T13:58:54","guid":{"rendered":"https:\/\/zjarr.tv\/?p=93213"},"modified":"2019-06-29T15:58:54","modified_gmt":"2019-06-29T13:58:54","slug":"mehmetaj-rudina-hajdarit-pjese-e-rilindjesedhe-elisa-te-ka-zili","status":"publish","type":"post","link":"https:\/\/zjarr.tv\/sq\/mehmetaj-rudina-hajdarit-pjese-e-rilindjesedhe-elisa-te-ka-zili\/","title":{"rendered":"Mehmetaj-Rudina Hajdarit: Pjes\u00eb e Rilindjes,edhe Elisa t\u00eb ka zili!"},"content":{"rendered":"<p>Ish-deputetja e LSI, Kejdi Mehmetaj, \u00ebsht\u00eb b\u00ebr\u00eb pjes\u00eb e debatit t\u00eb sot\u00ebm mes z\u00ebdh\u00ebn\u00ebsit t\u00eb Presidentit Ilir Meta, Tedi Blushi, dhe deputetes demokrate, Rudina Hajdari, lidhur me mosrespektimin e heshtjes zgjedhore.<\/p>\n<p>Mehmetaj shkruan n\u00eb \u201cFacebook\u201d se nuk ka dashur kurr\u00eb t\u00eb merret me Rudin\u00ebn, duke u shprehur se marr\u00ebzit\u00eb e saj i ka justifikuar me pamund\u00ebsit\u00eb fizike dhe rrethanore q\u00eb ka p\u00ebr t\u00eb gjykuar drejt.<\/p>\n<p>M\u00eb tej, ish-deputetja shkruan se sh\u00ebrbimet q\u00eb Rudina i ka b\u00ebr\u00eb qeveris\u00eb Rama do ia kishte zili edhe vet\u00eb Elisa Spiropali, nd\u00ebrsa shton se deputetja e PD i \u00ebsht\u00eb shtuar grupit t\u00eb fort\u00eb t\u00eb konkurrenc\u00ebs brenda Rilindjes se kush i b\u00ebn m\u00eb shum\u00eb hije shefit t\u00eb madh.<\/p>\n<p>\u201cMe Rudin\u00ebn nuk kam dashur t\u00eb merrem kurr\u00eb, marr\u00ebzit\u00eb e saj i kam justifikuar me pamund\u00ebsit\u00eb fizike dhe rrethanore q\u00eb ka p\u00ebr t\u00eb gjykuar drejt\u00eb!<\/p>\n<p>Sh\u00ebrbimet q\u00eb i ka b\u00ebr\u00eb qeveris\u00eb Rama, do ja kishte zili edhe vet Elisa. M\u00eb duket se i \u00ebsht\u00eb shtuar grupit t\u00eb fort\u00eb t\u00eb konkurenc\u00ebs q\u00eb \u00ebsht\u00eb krijuar brenda Rilindjes, se kush i b\u00ebn m\u00eb shum\u00eb hije shefit t\u00eb madh. N\u00ebn sigl\u00ebn e PD, nuk la zyr\u00eb e der\u00eb pa hedhur vrer. Megjithat\u00eb, p\u00ebr k\u00ebto, p\u00ebrgjigjen do e jap\u00eb p\u00ebrball\u00eb votuesve t\u00eb PD.<\/p>\n<p>Tani, meq\u00ebn\u00ebse Rudina q\u00eb na u shit me principe p\u00ebr\u00ebndimore, ra n\u00eb vulgun e Ram\u00ebs e filloi komentet me gra e familje, po i kujtoj kodin e moralit t\u00eb shqiptarit:<\/p>\n<p>Familja \u00ebsht\u00eb e shenjt\u00eb, nuk preket! E p\u00ebrpara se t\u00eb shes\u00eb moral e t\u00eb b\u00ebj shenjtoren n\u00eb hapsir\u00ebn politike shqiptare, duhet ta dij\u00eb se p\u00ebr t\u00eb qen\u00eb shenjtore nuk mjafton nj\u00eb \u201csh\u00ebn\u201d p\u00ebrpara!\u201d, shkruan Mehmetaj.<\/p>\n<p>&nbsp;<\/p>\n","protected":false},"excerpt":{"rendered":"<p>Ish-deputetja e LSI, Kejdi Mehmetaj, \u00ebsht\u00eb b\u00ebr\u00eb pjes\u00eb e debatit t\u00eb sot\u00ebm mes z\u00ebdh\u00ebn\u00ebsit t\u00eb Presidentit Ilir Meta, Tedi Blushi, dhe deputetes demokrate, Rudina Hajdari, lidhur me mosrespektimin e heshtjes zgjedhore. Mehmetaj shkruan n\u00eb \u201cFacebook\u201d se nuk ka dashur kurr\u00eb t\u00eb merret me Rudin\u00ebn, duke u shprehur se marr\u00ebzit\u00eb e saj i ka justifikuar me [&hellip;]<\/p>\n","protected":false},"author":2013,"featured_media":93214,"comment_status":"open","ping_status":"closed","sticky":false,"template":"","format":"standard","meta":{"footnotes":""},"categories":[241,235],"tags":[],"class_list":{"0":"post-93213","1":"post","2":"type-post","3":"status-publish","4":"format-standard","5":"has-post-thumbnail","7":"category-aktualitet","8":"category-vendi"},"_links":{"self":[{"href":"https:\/\/zjarr.tv\/sq\/wp-json\/wp\/v2\/posts\/93213","targetHints":{"allow":["GET"]}}],"collection":[{"href":"https:\/\/zjarr.tv\/sq\/wp-json\/wp\/v2\/posts"}],"about":[{"href":"https:\/\/zjarr.tv\/sq\/wp-json\/wp\/v2\/types\/post"}],"author":[{"embeddable":true,"href":"https:\/\/zjarr.tv\/sq\/wp-json\/wp\/v2\/users\/2013"}],"replies":[{"embeddable":true,"href":"https:\/\/zjarr.tv\/sq\/wp-json\/wp\/v2\/comments?post=93213"}],"version-history":[{"count":0,"href":"https:\/\/zjarr.tv\/sq\/wp-json\/wp\/v2\/posts\/93213\/revisions"}],"wp:featuredmedia":[{"embeddable":true,"href":"https:\/\/zjarr.tv\/sq\/wp-json\/wp\/v2\/media\/93214"}],"wp:attachment":[{"href":"https:\/\/zjarr.tv\/sq\/wp-json\/wp\/v2\/media?parent=93213"}],"wp:term":[{"taxonomy":"category","embeddable":true,"href":"https:\/\/zjarr.tv\/sq\/wp-json\/wp\/v2\/categories?post=93213"},{"taxonomy":"post_tag","embeddable":true,"href":"https:\/\/zjarr.tv\/sq\/wp-json\/wp\/v2\/tags?post=93213"}],"curies":[{"name":"wp","href":"https:\/\/api.w.org\/{rel}","templated":true}]}}