{"id":93239,"date":"2019-06-29T16:31:47","date_gmt":"2019-06-29T14:31:47","guid":{"rendered":"https:\/\/zjarr.tv\/?p=93239"},"modified":"2019-06-29T16:31:47","modified_gmt":"2019-06-29T14:31:47","slug":"e-rende-ne-fier-aksidentohet-autobusi-nga-kosova","status":"publish","type":"post","link":"https:\/\/zjarr.tv\/sq\/e-rende-ne-fier-aksidentohet-autobusi-nga-kosova\/","title":{"rendered":"E r\u00ebnd\u00eb n\u00eb Fier, aksidentohet autobusi nga Kosova"},"content":{"rendered":"<p>Nj\u00eb ngjarje tragjik ka ndodhur m\u00ebngjesin e sot\u00ebm, n\u00eb qytetin e Fierit, me pasoj\u00eb vdekjen e dy personave.<\/p>\n<p>Autobusi nga Kosova \u00ebsht\u00eb aksidentuar, duke iu marr\u00eb jet\u00ebn dy fatorinove.<\/p>\n<p>M\u00ebsohet se viktima kan\u00eb mbetur shtetasit Arianit Bytyqi dhe Gentrit Gallopeni, mosha e t\u00eb cil\u00ebve nuk dihet. Gjithashtu, nuk ka detaje rreth ngjarjes s\u00eb r\u00ebnd\u00eb, q\u00eb iu ka marr\u00eb jet\u00ebn dy qytetar\u00ebve nga Kosova.<\/p>\n<p>&nbsp;<\/p>\n","protected":false},"excerpt":{"rendered":"<p>Nj\u00eb ngjarje tragjik ka ndodhur m\u00ebngjesin e sot\u00ebm, n\u00eb qytetin e Fierit, me pasoj\u00eb vdekjen e dy personave. Autobusi nga Kosova \u00ebsht\u00eb aksidentuar, duke iu marr\u00eb jet\u00ebn dy fatorinove. M\u00ebsohet se viktima kan\u00eb mbetur shtetasit Arianit Bytyqi dhe Gentrit Gallopeni, mosha e t\u00eb cil\u00ebve nuk dihet. Gjithashtu, nuk ka detaje rreth ngjarjes s\u00eb r\u00ebnd\u00eb, q\u00eb [&hellip;]<\/p>\n","protected":false},"author":2013,"featured_media":68935,"comment_status":"open","ping_status":"closed","sticky":false,"template":"","format":"standard","meta":{"footnotes":""},"categories":[241,235],"tags":[],"class_list":{"0":"post-93239","1":"post","2":"type-post","3":"status-publish","4":"format-standard","5":"has-post-thumbnail","7":"category-aktualitet","8":"category-vendi"},"_links":{"self":[{"href":"https:\/\/zjarr.tv\/sq\/wp-json\/wp\/v2\/posts\/93239","targetHints":{"allow":["GET"]}}],"collection":[{"href":"https:\/\/zjarr.tv\/sq\/wp-json\/wp\/v2\/posts"}],"about":[{"href":"https:\/\/zjarr.tv\/sq\/wp-json\/wp\/v2\/types\/post"}],"author":[{"embeddable":true,"href":"https:\/\/zjarr.tv\/sq\/wp-json\/wp\/v2\/users\/2013"}],"replies":[{"embeddable":true,"href":"https:\/\/zjarr.tv\/sq\/wp-json\/wp\/v2\/comments?post=93239"}],"version-history":[{"count":0,"href":"https:\/\/zjarr.tv\/sq\/wp-json\/wp\/v2\/posts\/93239\/revisions"}],"wp:featuredmedia":[{"embeddable":true,"href":"https:\/\/zjarr.tv\/sq\/wp-json\/wp\/v2\/media\/68935"}],"wp:attachment":[{"href":"https:\/\/zjarr.tv\/sq\/wp-json\/wp\/v2\/media?parent=93239"}],"wp:term":[{"taxonomy":"category","embeddable":true,"href":"https:\/\/zjarr.tv\/sq\/wp-json\/wp\/v2\/categories?post=93239"},{"taxonomy":"post_tag","embeddable":true,"href":"https:\/\/zjarr.tv\/sq\/wp-json\/wp\/v2\/tags?post=93239"}],"curies":[{"name":"wp","href":"https:\/\/api.w.org\/{rel}","templated":true}]}}