{"id":93269,"date":"2019-06-29T17:50:36","date_gmt":"2019-06-29T15:50:36","guid":{"rendered":"https:\/\/zjarr.tv\/?p=93269"},"modified":"2019-06-29T17:50:36","modified_gmt":"2019-06-29T15:50:36","slug":"agron-duka-30-qershori-farse-antidemokratike-dhe-antikushtetuese","status":"publish","type":"post","link":"https:\/\/zjarr.tv\/sq\/agron-duka-30-qershori-farse-antidemokratike-dhe-antikushtetuese\/","title":{"rendered":"Agron Duka: 30 qershori fars\u00eb antidemokratike dhe antikushtetuese"},"content":{"rendered":"<p>30 qershori \u00ebsht\u00eb nj\u00eb dat\u00eb q\u00eb do t\u00eb mbetet e mbuluar nga turpi jo vet\u00ebm sepse \u00ebsht\u00eb nj\u00eb fars\u00eb antidemokratike dhe antikushtetuese, por sepse, edhe t\u00eb vet\u00ebm n\u00eb gar\u00ebn e tyre imagjinare, po p\u00ebrdorin t\u00eb gjith\u00eb arsenalin fam\u00ebkeq me t\u00eb cilin Shqip\u00ebria dhe bota tashm\u00eb \u00ebsht\u00eb njohur.<\/p>\n<p>Presioni ndaj qytetar\u00ebve t\u00eb pambrojtur, ndaj administrat\u00ebs, ndaj sip\u00ebrmarrjes private po rriten nga ora n\u00eb or\u00eb n\u00eb p\u00ebrpjekje p\u00ebr t\u2019i dh\u00ebn\u00eb nj\u00eb legjitimitet fiktiv p\u00ebrpjekjes s\u00eb mazhoranc\u00ebs p\u00ebr ta \u00e7uar vendin n\u00eb moniz\u00ebm.<\/p>\n<p>Frika q\u00eb kan\u00eb nga kutit\u00eb q\u00eb do t\u00eb mbeten bosh, buron nga vet\u00ebdija se pluralizmi q\u00eb shqiptar\u00ebt fituan me mund tri dekada m\u00eb par\u00eb, nuk mund t\u00eb rr\u00ebmbehet me votime, p\u00ebr k\u00ebt\u00eb arsye k\u00ebrc\u00ebnojn\u00eb, dhunojn\u00eb dhe dezinformojn\u00eb.<\/p>\n<p>T\u00eb gjith\u00eb ata q\u00eb ende nuk kan\u00eb kuptuar rrezikshm\u00ebrin\u00eb e organizat\u00ebs q\u00eb ka marr\u00eb peng jet\u00ebn demokratike t\u00eb vendit, le t\u00eb shohin si k\u00ebrkojn\u00eb t\u00eb manipulojn\u00eb edhe nj\u00eb gar\u00eb n\u00eb t\u00eb cil\u00ebn nuk kan\u00eb kund\u00ebrshtar\u00eb, ku jan\u00eb t\u00eb vetmit q\u00eb kandidojn\u00eb dhe t\u00eb vetmit q\u00eb num\u00ebrojn\u00eb.<\/p>\n<p>T\u00eb bindur n\u00eb drejt\u00ebsin\u00eb e kauz\u00ebs son\u00eb, Grupimi i Qendr\u00ebs s\u00eb Djatht\u00eb, i b\u00ebn thirrje qytetar\u00ebve t\u00eb denoncojn\u00eb \u00e7do presion, \u00e7do mas\u00eb represive ndaj atyre q\u00eb nuk u binden votimeve monopartiake, \u00e7do mashtrimi dhe dhunimi q\u00eb cenon t\u00eb drejtat kushtetuese t\u00eb secilit prej jush.<\/p>\n<p>&nbsp;<\/p>\n","protected":false},"excerpt":{"rendered":"<p>30 qershori \u00ebsht\u00eb nj\u00eb dat\u00eb q\u00eb do t\u00eb mbetet e mbuluar nga turpi jo vet\u00ebm sepse \u00ebsht\u00eb nj\u00eb fars\u00eb antidemokratike dhe antikushtetuese, por sepse, edhe t\u00eb vet\u00ebm n\u00eb gar\u00ebn e tyre imagjinare, po p\u00ebrdorin t\u00eb gjith\u00eb arsenalin fam\u00ebkeq me t\u00eb cilin Shqip\u00ebria dhe bota tashm\u00eb \u00ebsht\u00eb njohur. Presioni ndaj qytetar\u00ebve t\u00eb pambrojtur, ndaj administrat\u00ebs, ndaj [&hellip;]<\/p>\n","protected":false},"author":2013,"featured_media":93270,"comment_status":"open","ping_status":"closed","sticky":false,"template":"","format":"standard","meta":{"footnotes":""},"categories":[241,235],"tags":[],"class_list":{"0":"post-93269","1":"post","2":"type-post","3":"status-publish","4":"format-standard","5":"has-post-thumbnail","7":"category-aktualitet","8":"category-vendi"},"_links":{"self":[{"href":"https:\/\/zjarr.tv\/sq\/wp-json\/wp\/v2\/posts\/93269","targetHints":{"allow":["GET"]}}],"collection":[{"href":"https:\/\/zjarr.tv\/sq\/wp-json\/wp\/v2\/posts"}],"about":[{"href":"https:\/\/zjarr.tv\/sq\/wp-json\/wp\/v2\/types\/post"}],"author":[{"embeddable":true,"href":"https:\/\/zjarr.tv\/sq\/wp-json\/wp\/v2\/users\/2013"}],"replies":[{"embeddable":true,"href":"https:\/\/zjarr.tv\/sq\/wp-json\/wp\/v2\/comments?post=93269"}],"version-history":[{"count":0,"href":"https:\/\/zjarr.tv\/sq\/wp-json\/wp\/v2\/posts\/93269\/revisions"}],"wp:featuredmedia":[{"embeddable":true,"href":"https:\/\/zjarr.tv\/sq\/wp-json\/wp\/v2\/media\/93270"}],"wp:attachment":[{"href":"https:\/\/zjarr.tv\/sq\/wp-json\/wp\/v2\/media?parent=93269"}],"wp:term":[{"taxonomy":"category","embeddable":true,"href":"https:\/\/zjarr.tv\/sq\/wp-json\/wp\/v2\/categories?post=93269"},{"taxonomy":"post_tag","embeddable":true,"href":"https:\/\/zjarr.tv\/sq\/wp-json\/wp\/v2\/tags?post=93269"}],"curies":[{"name":"wp","href":"https:\/\/api.w.org\/{rel}","templated":true}]}}