{"id":93275,"date":"2019-06-29T17:56:03","date_gmt":"2019-06-29T15:56:03","guid":{"rendered":"https:\/\/zjarr.tv\/?p=93275"},"modified":"2019-06-29T17:56:03","modified_gmt":"2019-06-29T15:56:03","slug":"merret-ne-pyetje-zef-hila-rama-e-shkarkoi-per-djegien-e-kzaz","status":"publish","type":"post","link":"https:\/\/zjarr.tv\/sq\/merret-ne-pyetje-zef-hila-rama-e-shkarkoi-per-djegien-e-kzaz\/","title":{"rendered":"Merret n\u00eb pyetje Zef Hila, Rama e shkarkoi p\u00ebr djegien e KZAZ"},"content":{"rendered":"<p>Kreu i Bashkis\u00eb s\u00eb Vaut t\u00eb Dej\u00ebs, Zef Hila, p\u00ebr t\u00eb cilin kryeministri Edi Rama ka firmosur shkarkimin nga detyra, \u00ebsht\u00eb thirrur sot nga Policia e Shkodr\u00ebs, p\u00ebr t\u2019u pyetur mbi incidentin e r\u00ebnd\u00eb, q\u00eb ndodhi n\u00eb KZAZ e k\u00ebsaj bashkie, e cila ishte vendosur n\u00eb shkoll\u00ebn \u201cNdreu Mjeda\u201d.<\/p>\n<p>Burime b\u00ebjn\u00eb me dije se kryebashkiaku Hila \u00ebsht\u00eb thirrur p\u00ebr t\u2019u paraqitur n\u00eb ambientet e komisariatit t\u00eb Shkodr\u00ebs sot n\u00eb or\u00ebn 12:00.<\/p>\n<p>Zef Hila \u00ebsht\u00eb shprehur para uniformave blu se nuk ka pasur dijeni p\u00ebr \u00e7far\u00eb do t\u00eb ndodhte n\u00eb KZAZ-n\u00eb e Vaut t\u00eb Dej\u00ebs. \u201cDija vet\u00ebm q\u00eb do t\u00eb b\u00ebhet protest\u00eb paq\u00ebsore. Nuk kam dijeni p\u00ebr asgj\u00eb tjet\u00ebr\u201d, m\u00ebsohet t\u00eb ket\u00eb th\u00ebn\u00eb Hila para polic\u00ebve.<\/p>\n<p>Procesi zgjedhor n\u00eb Vaun e Dej\u00ebs u shoq\u00ebrua me tensione t\u00eb forta mes mb\u00ebshtet\u00ebsve t\u00eb opozit\u00ebs dhe policis\u00eb. Gjat\u00eb p\u00ebrplasjes, protestuesit i vun\u00eb zjarrin shkoll\u00ebs \u201cNdre Mjeda\u201d n\u00eb Bushat, n\u00eb t\u00eb cil\u00ebn ndodhej KZAZ-ja. Menj\u00ebher\u00eb pas k\u00ebsaj ngjarjeje, kryeministri Edi Rama firmosi shkarkimin e kryebashkiakut t\u00eb Vaut t\u00eb Dej\u00ebs, Zef Hila.<\/p>\n<p>&nbsp;<\/p>\n","protected":false},"excerpt":{"rendered":"<p>Kreu i Bashkis\u00eb s\u00eb Vaut t\u00eb Dej\u00ebs, Zef Hila, p\u00ebr t\u00eb cilin kryeministri Edi Rama ka firmosur shkarkimin nga detyra, \u00ebsht\u00eb thirrur sot nga Policia e Shkodr\u00ebs, p\u00ebr t\u2019u pyetur mbi incidentin e r\u00ebnd\u00eb, q\u00eb ndodhi n\u00eb KZAZ e k\u00ebsaj bashkie, e cila ishte vendosur n\u00eb shkoll\u00ebn \u201cNdreu Mjeda\u201d. Burime b\u00ebjn\u00eb me dije se kryebashkiaku [&hellip;]<\/p>\n","protected":false},"author":2013,"featured_media":93276,"comment_status":"open","ping_status":"closed","sticky":false,"template":"","format":"standard","meta":{"footnotes":""},"categories":[241,235],"tags":[],"class_list":{"0":"post-93275","1":"post","2":"type-post","3":"status-publish","4":"format-standard","5":"has-post-thumbnail","7":"category-aktualitet","8":"category-vendi"},"_links":{"self":[{"href":"https:\/\/zjarr.tv\/sq\/wp-json\/wp\/v2\/posts\/93275","targetHints":{"allow":["GET"]}}],"collection":[{"href":"https:\/\/zjarr.tv\/sq\/wp-json\/wp\/v2\/posts"}],"about":[{"href":"https:\/\/zjarr.tv\/sq\/wp-json\/wp\/v2\/types\/post"}],"author":[{"embeddable":true,"href":"https:\/\/zjarr.tv\/sq\/wp-json\/wp\/v2\/users\/2013"}],"replies":[{"embeddable":true,"href":"https:\/\/zjarr.tv\/sq\/wp-json\/wp\/v2\/comments?post=93275"}],"version-history":[{"count":0,"href":"https:\/\/zjarr.tv\/sq\/wp-json\/wp\/v2\/posts\/93275\/revisions"}],"wp:featuredmedia":[{"embeddable":true,"href":"https:\/\/zjarr.tv\/sq\/wp-json\/wp\/v2\/media\/93276"}],"wp:attachment":[{"href":"https:\/\/zjarr.tv\/sq\/wp-json\/wp\/v2\/media?parent=93275"}],"wp:term":[{"taxonomy":"category","embeddable":true,"href":"https:\/\/zjarr.tv\/sq\/wp-json\/wp\/v2\/categories?post=93275"},{"taxonomy":"post_tag","embeddable":true,"href":"https:\/\/zjarr.tv\/sq\/wp-json\/wp\/v2\/tags?post=93275"}],"curies":[{"name":"wp","href":"https:\/\/api.w.org\/{rel}","templated":true}]}}