{"id":93302,"date":"2019-06-29T19:13:48","date_gmt":"2019-06-29T17:13:48","guid":{"rendered":"https:\/\/zjarr.tv\/?p=93302"},"modified":"2019-06-29T19:13:48","modified_gmt":"2019-06-29T17:13:48","slug":"bllokohet-syri-net-3-dite-ne-nje-vale-sulmesh-kibernetike","status":"publish","type":"post","link":"https:\/\/zjarr.tv\/sq\/bllokohet-syri-net-3-dite-ne-nje-vale-sulmesh-kibernetike\/","title":{"rendered":"Bllokohet syri.net, 3 dit\u00eb n\u00eb nj\u00eb val\u00eb sulmesh kibernetike"},"content":{"rendered":"<p>Prej 3 dit\u00ebsh media online Syri.net \u00ebsht\u00eb n\u00eb nj\u00eb val\u00eb sulmi kibernetik me q\u00ebllim bllokimin e shp\u00ebrndarjes s\u00eb informacioneve t\u00eb cilat nuk jan\u00ebn n\u00ebn kontrollin e qeveris\u00eb. Ky \u00ebsht\u00eb nj\u00eb sulm i mir\u00ebpaguar, q\u00eb shfaqet me nj\u00eb shtrirje globale, n\u00eb ccdo kontinet.<\/p>\n<p>Bllokimi i p\u00ebrs\u00ebritur i faqes s\u00eb Syri.net vjen pas sulmeve direkte t\u00eb Edi Ram\u00ebs kund\u00ebr gazetar\u00ebve t\u00eb Syrit, p\u00ebr arsyen e vetme se kjo \u00ebsht\u00eb nj\u00eb media q\u00eb i jep z\u00eb kritik\u00ebve t\u00eb Edi Ram\u00ebs, publikon pa censur\u00eb qendrimet e opozit\u00ebs dhe, mbi t\u00eb gjitha, thot\u00eb t\u00eb v\u00ebrtetat mbi regjimin n\u00eb ikje t\u00eb Edi Ram\u00ebs.<\/p>\n<p>Sulmet kibernetike, t\u00eb orkestruara pas sulmeve publike t\u00eb Edi Ram\u00ebs kund\u00ebr Syri.net, jan\u00eb p\u00ebrpjekje kriminale p\u00ebr t\u2019u mohuar qytetar\u00ebve t\u00eb drejt\u00ebn e informimit<\/p>\n<p>Partia Demokratike k\u00ebrkon nisjen urgjente t\u00eb hetimeve dhe v\u00ebnien para p\u00ebrgjegj\u00ebsis\u00eb t\u00eb atyre q\u00eb kan\u00eb orkestruar dhe zbatuar sulmin kibenetik p\u00ebr mbylljen e goj\u00ebs t\u00eb nj\u00eb mediaje kritike me regjimin n\u00eb ikje t\u00eb Edi Ram\u00ebs.<\/p>\n","protected":false},"excerpt":{"rendered":"<p>Prej 3 dit\u00ebsh media online Syri.net \u00ebsht\u00eb n\u00eb nj\u00eb val\u00eb sulmi kibernetik me q\u00ebllim bllokimin e shp\u00ebrndarjes s\u00eb informacioneve t\u00eb cilat nuk jan\u00ebn n\u00ebn kontrollin e qeveris\u00eb. Ky \u00ebsht\u00eb nj\u00eb sulm i mir\u00ebpaguar, q\u00eb shfaqet me nj\u00eb shtrirje globale, n\u00eb ccdo kontinet. Bllokimi i p\u00ebrs\u00ebritur i faqes s\u00eb Syri.net vjen pas sulmeve direkte t\u00eb Edi [&hellip;]<\/p>\n","protected":false},"author":2013,"featured_media":38161,"comment_status":"open","ping_status":"closed","sticky":false,"template":"","format":"standard","meta":{"footnotes":""},"categories":[241,235],"tags":[],"class_list":{"0":"post-93302","1":"post","2":"type-post","3":"status-publish","4":"format-standard","5":"has-post-thumbnail","7":"category-aktualitet","8":"category-vendi"},"_links":{"self":[{"href":"https:\/\/zjarr.tv\/sq\/wp-json\/wp\/v2\/posts\/93302","targetHints":{"allow":["GET"]}}],"collection":[{"href":"https:\/\/zjarr.tv\/sq\/wp-json\/wp\/v2\/posts"}],"about":[{"href":"https:\/\/zjarr.tv\/sq\/wp-json\/wp\/v2\/types\/post"}],"author":[{"embeddable":true,"href":"https:\/\/zjarr.tv\/sq\/wp-json\/wp\/v2\/users\/2013"}],"replies":[{"embeddable":true,"href":"https:\/\/zjarr.tv\/sq\/wp-json\/wp\/v2\/comments?post=93302"}],"version-history":[{"count":0,"href":"https:\/\/zjarr.tv\/sq\/wp-json\/wp\/v2\/posts\/93302\/revisions"}],"wp:featuredmedia":[{"embeddable":true,"href":"https:\/\/zjarr.tv\/sq\/wp-json\/wp\/v2\/media\/38161"}],"wp:attachment":[{"href":"https:\/\/zjarr.tv\/sq\/wp-json\/wp\/v2\/media?parent=93302"}],"wp:term":[{"taxonomy":"category","embeddable":true,"href":"https:\/\/zjarr.tv\/sq\/wp-json\/wp\/v2\/categories?post=93302"},{"taxonomy":"post_tag","embeddable":true,"href":"https:\/\/zjarr.tv\/sq\/wp-json\/wp\/v2\/tags?post=93302"}],"curies":[{"name":"wp","href":"https:\/\/api.w.org\/{rel}","templated":true}]}}