{"id":93308,"date":"2019-06-29T19:16:31","date_gmt":"2019-06-29T17:16:31","guid":{"rendered":"https:\/\/zjarr.tv\/?p=93308"},"modified":"2019-06-29T19:16:31","modified_gmt":"2019-06-29T17:16:31","slug":"kqz-apel-kryebashkiakes-se-shkodres-per-bashkepunim-liro-qendrat-e-votimit","status":"publish","type":"post","link":"https:\/\/zjarr.tv\/sq\/kqz-apel-kryebashkiakes-se-shkodres-per-bashkepunim-liro-qendrat-e-votimit\/","title":{"rendered":"KQZ apel kryebashkiakes s\u00eb Shkodr\u00ebs p\u00ebr bashk\u00ebpunim: Liro qendrat e votimit"},"content":{"rendered":"<p>Komisioni Qendror i Zgjedhjeve i b\u00ebri thirrje kryetares s\u00eb bashkis\u00eb s\u00eb Shkodr\u00ebs, Voltana Ademi, \u00a0t\u00eb bashk\u00ebpunoj\u00eb dhe t\u00eb liroj\u00eb qendrat e votimet p\u00ebr zgjedhjet lokale t\u00eb 30 qershorit.<\/p>\n<p>Z\u00ebdh\u00ebn\u00ebsja p\u00ebr mediat e KQZ, Drilona Hoxhaj, i kujtoi Ademit nenet n\u00eb kodin penal q\u00eb e konsiderojn\u00eb k\u00ebt\u00eb lloj pengese vep\u00ebr penale.<\/p>\n<p><strong>Hoxhaj:\u00a0<\/strong><em>N\u00eb qarkun \u00a0Shkod\u00ebr, 50% e qendrave t\u00eb votimit vazhdojn\u00eb t\u00eb mbahen t\u00eb mbyllura nga autoritetet vendore. KQZ i b\u00ebn thirrje kryetares s\u00eb Bashkis\u00eb s\u00eb Shkodr\u00ebs t\u00eb bashk\u00ebpunoj\u00eb n\u00eb respekt t\u00eb ligjit. N\u00eb baz\u00eb t\u00eb neneve 248 dhe 325 t\u00eb kodit penal k\u00ebto veprime konsiderohen vep\u00ebr penale, shp\u00ebrdorim detyre dhe pengim i subjekteve zgjedhore.<\/em><\/p>\n<p>Sakaq Hoxhaj sqaroi se t\u00eb 90 KZAZ-t\u00eb po shp\u00ebrndajn\u00eb materialet zgjedhore drejt 5417 Qendrave t\u00eb Votimit n\u00eb t\u00eb gjith\u00eb Shqip\u00ebrin\u00eb.<\/p>\n<p><em>Hoxhaj:\u00a0Procesi i shp\u00ebrndarjes s\u00eb materialeve zgjedhore ka p\u00ebrfunduar nga 53 KZAZ, nd\u00ebrkoh\u00eb t\u00eb gjith\u00eb KZAZ-t\u00eb e tjera jan\u00eb drejt p\u00ebrfundimit \u00a0t\u00eb k\u00ebtij procesi. P\u00ebrjashtim b\u00ebn KZAZ num\u00ebr 6 n\u00eb Vaun e Dej\u00ebs ku p\u00ebr shkaqe tashm\u00eb t\u00eb njohura, materialet zgjedhore u rid\u00ebrguan n\u00eb or\u00ebt e para t\u00eb dit\u00ebs s\u00eb sotme \u00e7ka diktoi vones\u00ebn n\u00eb nisjen e procesit t\u00eb shp\u00ebrndarjes s\u00eb baz\u00ebs materiale p\u00ebr 53 qendra t\u00eb votimit t\u00eb k\u00ebsaj KZAZ.<\/em><\/p>\n<p>Hoxhaj n\u00ebnvizoi m\u00eb tej se KQZ ka autorizuar ndryshimin e disa vendndodhjeve t\u00eb qendrave t\u00eb votimit.<\/p>\n<p><em>Hoxhaj:\u00a0Ky ndryshim, pavar\u00ebsisht se jo p\u00ebr shkak t\u00eb forcave madhore, ashtu sikund\u00ebr Kodi Zgjedhor p\u00ebrcakton, ishte i detyruesh\u00ebm p\u00ebr t\u00eb garatuar q\u00eb \u00e7do qend\u00ebr votimi, dit\u00ebn e nes\u00ebrme, t\u00eb jet\u00eb e hapur p\u00ebr zgjedh\u00ebsit shqiptar\u00eb. T\u00eb gjith\u00eb KZAZ-t\u00eb q\u00eb administrojn\u00eb procesin zgjedhor n\u00eb zonat ku u b\u00ebn\u00eb ndryshime t\u00eb qendrave t\u00eb votimit, do t\u00eb afishojn\u00eb listat e zgjedh\u00ebsve n\u00eb vendndodhjet e reja, t\u00eb caktuara me vendim t\u00eb KQZ-s\u00eb. Ndaj, KQZ k\u00ebrkon mir\u00ebkuptimin e zgjedh\u00ebsve t\u00eb k\u00ebtyre qendrave t\u00eb votimit p\u00ebr k\u00ebt\u00eb veprim t\u00eb detyruar, si edhe k\u00ebrkon q\u00eb t\u00eb informohen dhe t\u00eb kontrollojn\u00eb faqen zyrtare t\u00eb KQZ-s\u00eb, p\u00ebr t\u00eb qen\u00eb t\u00eb mir\u00eborientuar dit\u00ebn e nes\u00ebrme p\u00ebr t\u2019iu drejtuar qendrave t\u00eb votimit.<\/em><\/p>\n<p>&nbsp;<\/p>\n","protected":false},"excerpt":{"rendered":"<p>Komisioni Qendror i Zgjedhjeve i b\u00ebri thirrje kryetares s\u00eb bashkis\u00eb s\u00eb Shkodr\u00ebs, Voltana Ademi, \u00a0t\u00eb bashk\u00ebpunoj\u00eb dhe t\u00eb liroj\u00eb qendrat e votimet p\u00ebr zgjedhjet lokale t\u00eb 30 qershorit. Z\u00ebdh\u00ebn\u00ebsja p\u00ebr mediat e KQZ, Drilona Hoxhaj, i kujtoi Ademit nenet n\u00eb kodin penal q\u00eb e konsiderojn\u00eb k\u00ebt\u00eb lloj pengese vep\u00ebr penale. Hoxhaj:\u00a0N\u00eb qarkun \u00a0Shkod\u00ebr, 50% e [&hellip;]<\/p>\n","protected":false},"author":2013,"featured_media":93309,"comment_status":"open","ping_status":"closed","sticky":false,"template":"","format":"standard","meta":{"footnotes":""},"categories":[241,235],"tags":[],"class_list":{"0":"post-93308","1":"post","2":"type-post","3":"status-publish","4":"format-standard","5":"has-post-thumbnail","7":"category-aktualitet","8":"category-vendi"},"_links":{"self":[{"href":"https:\/\/zjarr.tv\/sq\/wp-json\/wp\/v2\/posts\/93308","targetHints":{"allow":["GET"]}}],"collection":[{"href":"https:\/\/zjarr.tv\/sq\/wp-json\/wp\/v2\/posts"}],"about":[{"href":"https:\/\/zjarr.tv\/sq\/wp-json\/wp\/v2\/types\/post"}],"author":[{"embeddable":true,"href":"https:\/\/zjarr.tv\/sq\/wp-json\/wp\/v2\/users\/2013"}],"replies":[{"embeddable":true,"href":"https:\/\/zjarr.tv\/sq\/wp-json\/wp\/v2\/comments?post=93308"}],"version-history":[{"count":0,"href":"https:\/\/zjarr.tv\/sq\/wp-json\/wp\/v2\/posts\/93308\/revisions"}],"wp:featuredmedia":[{"embeddable":true,"href":"https:\/\/zjarr.tv\/sq\/wp-json\/wp\/v2\/media\/93309"}],"wp:attachment":[{"href":"https:\/\/zjarr.tv\/sq\/wp-json\/wp\/v2\/media?parent=93308"}],"wp:term":[{"taxonomy":"category","embeddable":true,"href":"https:\/\/zjarr.tv\/sq\/wp-json\/wp\/v2\/categories?post=93308"},{"taxonomy":"post_tag","embeddable":true,"href":"https:\/\/zjarr.tv\/sq\/wp-json\/wp\/v2\/tags?post=93308"}],"curies":[{"name":"wp","href":"https:\/\/api.w.org\/{rel}","templated":true}]}}