{"id":93745,"date":"2019-07-01T17:33:41","date_gmt":"2019-07-01T15:33:41","guid":{"rendered":"https:\/\/zjarr.tv\/?p=93745"},"modified":"2019-07-01T17:33:41","modified_gmt":"2019-07-01T15:33:41","slug":"bylykbashi-deklarata-me-e-ashper-ne-28-vjet-e-osbe-odihr","status":"publish","type":"post","link":"https:\/\/zjarr.tv\/sq\/bylykbashi-deklarata-me-e-ashper-ne-28-vjet-e-osbe-odihr\/","title":{"rendered":"Bylykbashi: Deklarata m\u00eb e ashp\u00ebr n\u00eb 28 vjet e OSBE\/ODIHR"},"content":{"rendered":"<p>Ish-deputeti Oerd Bylykbashi ka dal\u00eb sot para mediave pas publikimit t\u00eb raportit paraprak p\u00ebr 30 qershorin nga OSBE\/ODIHR.<\/p>\n<p>Ai tha se ODIHR iu tha shqiptar\u00ebve se m\u00eb 30 qershor nuk pati zgjedhje dhe se mungesa e zgjedhjes i ka b\u00ebr\u00eb nul zgjedhjet. Sipas Bylykbashit kjo \u00ebsht\u00eb deklarata m\u00eb e ashp\u00ebr n\u00eb 28 vjet e OSBE\/ODIHR.<\/p>\n<p>\u201cOSBE\/ ODIHR iu tha shqiptar\u00ebve se m\u00eb 30 qershor nuk pati zgjedhje. Mungesa e zgjedhjes i ka b\u00ebr\u00eb k\u00ebto zgjedhje nul. ODIHR iu tha shqiptar\u00ebve se ata nuk pat\u00ebn mund\u00ebsi p\u00ebr t\u00eb zgjedhur dhe kandidat\u00ebt nuk kishin rival\u00eb.<br \/>\nKjo \u00ebsht\u00eb deklarata m\u00eb e fort\u00eb dhe m\u00eb ashp\u00ebr q\u00eb ka b\u00ebr\u00eb n\u00eb k\u00ebto 28 vjet OSBE\/ODIHR. Kjo deklarat\u00eb e sotme b\u00ebri nul t\u00eb gjitha p\u00ebrpjekjet e Edi Ram\u00ebs dhe organizimin e nj\u00eb farse m\u00eb 30 qershor. Opozita do t\u00eb vazhdoj\u00eb t\u00eb provoj\u00eb \u00e7do shkelje m\u00eb 30 qershor dhe do t\u00eb b\u00ebj\u00eb t\u00eb mundur q\u00eb shqiptar\u00ebt t\u00eb zgjedhin n\u00eb zgjedhje t\u00eb lira e t\u00eb ndershme\u201d, deklaroi Bylykbashi.<\/p>\n<p>&nbsp;<\/p>\n","protected":false},"excerpt":{"rendered":"<p>Ish-deputeti Oerd Bylykbashi ka dal\u00eb sot para mediave pas publikimit t\u00eb raportit paraprak p\u00ebr 30 qershorin nga OSBE\/ODIHR. Ai tha se ODIHR iu tha shqiptar\u00ebve se m\u00eb 30 qershor nuk pati zgjedhje dhe se mungesa e zgjedhjes i ka b\u00ebr\u00eb nul zgjedhjet. Sipas Bylykbashit kjo \u00ebsht\u00eb deklarata m\u00eb e ashp\u00ebr n\u00eb 28 vjet e OSBE\/ODIHR. [&hellip;]<\/p>\n","protected":false},"author":2013,"featured_media":0,"comment_status":"open","ping_status":"closed","sticky":false,"template":"","format":"standard","meta":{"footnotes":""},"categories":[241,235],"tags":[],"class_list":{"0":"post-93745","1":"post","2":"type-post","3":"status-publish","4":"format-standard","6":"category-aktualitet","7":"category-vendi"},"_links":{"self":[{"href":"https:\/\/zjarr.tv\/sq\/wp-json\/wp\/v2\/posts\/93745","targetHints":{"allow":["GET"]}}],"collection":[{"href":"https:\/\/zjarr.tv\/sq\/wp-json\/wp\/v2\/posts"}],"about":[{"href":"https:\/\/zjarr.tv\/sq\/wp-json\/wp\/v2\/types\/post"}],"author":[{"embeddable":true,"href":"https:\/\/zjarr.tv\/sq\/wp-json\/wp\/v2\/users\/2013"}],"replies":[{"embeddable":true,"href":"https:\/\/zjarr.tv\/sq\/wp-json\/wp\/v2\/comments?post=93745"}],"version-history":[{"count":0,"href":"https:\/\/zjarr.tv\/sq\/wp-json\/wp\/v2\/posts\/93745\/revisions"}],"wp:attachment":[{"href":"https:\/\/zjarr.tv\/sq\/wp-json\/wp\/v2\/media?parent=93745"}],"wp:term":[{"taxonomy":"category","embeddable":true,"href":"https:\/\/zjarr.tv\/sq\/wp-json\/wp\/v2\/categories?post=93745"},{"taxonomy":"post_tag","embeddable":true,"href":"https:\/\/zjarr.tv\/sq\/wp-json\/wp\/v2\/tags?post=93745"}],"curies":[{"name":"wp","href":"https:\/\/api.w.org\/{rel}","templated":true}]}}