{"id":93816,"date":"2019-07-01T18:50:05","date_gmt":"2019-07-01T16:50:05","guid":{"rendered":"https:\/\/zjarr.tv\/?p=93816"},"modified":"2019-07-01T18:50:05","modified_gmt":"2019-07-01T16:50:05","slug":"rudina-hajdari-vendi-pa-nje-te-djathte-dhe-me-nje-autokrat","status":"publish","type":"post","link":"https:\/\/zjarr.tv\/sq\/rudina-hajdari-vendi-pa-nje-te-djathte-dhe-me-nje-autokrat\/","title":{"rendered":"Rudina Hajdari: Vendi pa nj\u00eb t\u00eb djatht\u00eb dhe me nj\u00eb autokrat"},"content":{"rendered":"<p>\u201cNdonj\u00ebher\u00eb duhet t\u00eb d\u00ebshtosh t\u00ebr\u00ebsisht n\u00eb di\u00e7ka n\u00eb m\u00ebnyr\u00eb q\u00eb t\u00eb marr\u00ebsh drejtimin e duhur\u201d. K\u00ebshtu mendon deputetja Rudina Hajdari, e cila ka reaguar me nj\u00eb status n\u00eb \u201cFacebook\u201d p\u00ebr rezultatin e votimit t\u00eb 30 qershorit.<\/p>\n<p>Ajo ka nj\u00eb k\u00ebshill\u00eb edhe p\u00ebr demokrat\u00ebt.<\/p>\n<p>\u201cNdonj\u00ebher\u00eb duhet t\u00eb d\u00ebshtosh t\u00ebr\u00ebsisht n\u00eb di\u00e7ka n\u00eb m\u00ebnyr\u00eb q\u00eb t\u00eb marr\u00ebsh drejtimin e duhur. Mungesa e demokracis\u00eb brenda partive ka shkat\u00ebrruar vijat ideologjike, duke e l\u00ebn\u00eb vendin pa nj\u00eb t\u00eb djatht\u00eb dhe me nj\u00eb autokrat.<br \/>\n\u00c7far\u00eb do ndodh\u00eb nga sot e n\u00eb vazhdim do jet\u00eb vendimtare p\u00ebr t\u00eb djatht\u00ebn. Ringritja e s\u00eb djatht\u00ebs klasike \u00ebsht\u00eb e domosdoshme dhe teoria e ardhjes n\u00eb pushtet me forc\u00eb duhet t\u00eb marr\u00eb fund\u201d, shkruan Hajdari n\u00eb \u201cFacebook\u201d.<\/p>\n<p>&nbsp;<\/p>\n","protected":false},"excerpt":{"rendered":"<p>\u201cNdonj\u00ebher\u00eb duhet t\u00eb d\u00ebshtosh t\u00ebr\u00ebsisht n\u00eb di\u00e7ka n\u00eb m\u00ebnyr\u00eb q\u00eb t\u00eb marr\u00ebsh drejtimin e duhur\u201d. K\u00ebshtu mendon deputetja Rudina Hajdari, e cila ka reaguar me nj\u00eb status n\u00eb \u201cFacebook\u201d p\u00ebr rezultatin e votimit t\u00eb 30 qershorit. Ajo ka nj\u00eb k\u00ebshill\u00eb edhe p\u00ebr demokrat\u00ebt. \u201cNdonj\u00ebher\u00eb duhet t\u00eb d\u00ebshtosh t\u00ebr\u00ebsisht n\u00eb di\u00e7ka n\u00eb m\u00ebnyr\u00eb q\u00eb t\u00eb marr\u00ebsh [&hellip;]<\/p>\n","protected":false},"author":2013,"featured_media":77012,"comment_status":"open","ping_status":"closed","sticky":false,"template":"","format":"standard","meta":{"footnotes":""},"categories":[241,235],"tags":[],"class_list":{"0":"post-93816","1":"post","2":"type-post","3":"status-publish","4":"format-standard","5":"has-post-thumbnail","7":"category-aktualitet","8":"category-vendi"},"_links":{"self":[{"href":"https:\/\/zjarr.tv\/sq\/wp-json\/wp\/v2\/posts\/93816","targetHints":{"allow":["GET"]}}],"collection":[{"href":"https:\/\/zjarr.tv\/sq\/wp-json\/wp\/v2\/posts"}],"about":[{"href":"https:\/\/zjarr.tv\/sq\/wp-json\/wp\/v2\/types\/post"}],"author":[{"embeddable":true,"href":"https:\/\/zjarr.tv\/sq\/wp-json\/wp\/v2\/users\/2013"}],"replies":[{"embeddable":true,"href":"https:\/\/zjarr.tv\/sq\/wp-json\/wp\/v2\/comments?post=93816"}],"version-history":[{"count":0,"href":"https:\/\/zjarr.tv\/sq\/wp-json\/wp\/v2\/posts\/93816\/revisions"}],"wp:featuredmedia":[{"embeddable":true,"href":"https:\/\/zjarr.tv\/sq\/wp-json\/wp\/v2\/media\/77012"}],"wp:attachment":[{"href":"https:\/\/zjarr.tv\/sq\/wp-json\/wp\/v2\/media?parent=93816"}],"wp:term":[{"taxonomy":"category","embeddable":true,"href":"https:\/\/zjarr.tv\/sq\/wp-json\/wp\/v2\/categories?post=93816"},{"taxonomy":"post_tag","embeddable":true,"href":"https:\/\/zjarr.tv\/sq\/wp-json\/wp\/v2\/tags?post=93816"}],"curies":[{"name":"wp","href":"https:\/\/api.w.org\/{rel}","templated":true}]}}