{"id":93882,"date":"2019-07-02T12:55:07","date_gmt":"2019-07-02T10:55:07","guid":{"rendered":"https:\/\/zjarr.tv\/?p=93882"},"modified":"2019-07-02T12:55:07","modified_gmt":"2019-07-02T10:55:07","slug":"lleshaj-nuk-lejoi-kaosin-dhe-percarjen","status":"publish","type":"post","link":"https:\/\/zjarr.tv\/sq\/lleshaj-nuk-lejoi-kaosin-dhe-percarjen\/","title":{"rendered":"Lleshaj: Nuk lejoi kaosin dhe p\u00ebr\u00e7arjen"},"content":{"rendered":"<p>Ministri i Brendsh\u00ebm, Sand\u00ebr Lleshaj n\u00eb nj\u00eb takim p\u00ebr t\u00eb vler\u00ebsuar pun\u00ebn e Policis\u00eb s\u00eb Shtetit e ndali v\u00ebmendjen e tij tek zhvillimet e fundit politike.<\/p>\n<p>Ai vler\u00ebsoi dhe p\u00ebrg\u00ebzoi pun\u00ebn e b\u00ebr\u00eb s\u00eb fundmi ng policia n\u00eb prag t\u00eb votimeve t\u00eb 30 qershorit, ku si\u00e7 tha, \u201cPolicia nuk lejoi krijimin e kaosit dhe frym\u00ebn e nj\u00eb gjendjeje p\u00ebr\u00e7ar\u00ebse n\u00eb Shqip\u00ebri. Arrit\u00ebn t\u00eb sigurojn\u00eb nj\u00eb nivel optimal t\u00eb parametrave t\u00eb siguris\u00eb n\u00eb vend\u201d,- tha Lleshaj.<\/p>\n","protected":false},"excerpt":{"rendered":"<p>Ministri i Brendsh\u00ebm, Sand\u00ebr Lleshaj n\u00eb nj\u00eb takim p\u00ebr t\u00eb vler\u00ebsuar pun\u00ebn e Policis\u00eb s\u00eb Shtetit e ndali v\u00ebmendjen e tij tek zhvillimet e fundit politike. Ai vler\u00ebsoi dhe p\u00ebrg\u00ebzoi pun\u00ebn e b\u00ebr\u00eb s\u00eb fundmi ng policia n\u00eb prag t\u00eb votimeve t\u00eb 30 qershorit, ku si\u00e7 tha, \u201cPolicia nuk lejoi krijimin e kaosit dhe frym\u00ebn [&hellip;]<\/p>\n","protected":false},"author":2013,"featured_media":75001,"comment_status":"open","ping_status":"closed","sticky":false,"template":"","format":"standard","meta":{"footnotes":""},"categories":[241,235],"tags":[],"class_list":{"0":"post-93882","1":"post","2":"type-post","3":"status-publish","4":"format-standard","5":"has-post-thumbnail","7":"category-aktualitet","8":"category-vendi"},"_links":{"self":[{"href":"https:\/\/zjarr.tv\/sq\/wp-json\/wp\/v2\/posts\/93882","targetHints":{"allow":["GET"]}}],"collection":[{"href":"https:\/\/zjarr.tv\/sq\/wp-json\/wp\/v2\/posts"}],"about":[{"href":"https:\/\/zjarr.tv\/sq\/wp-json\/wp\/v2\/types\/post"}],"author":[{"embeddable":true,"href":"https:\/\/zjarr.tv\/sq\/wp-json\/wp\/v2\/users\/2013"}],"replies":[{"embeddable":true,"href":"https:\/\/zjarr.tv\/sq\/wp-json\/wp\/v2\/comments?post=93882"}],"version-history":[{"count":0,"href":"https:\/\/zjarr.tv\/sq\/wp-json\/wp\/v2\/posts\/93882\/revisions"}],"wp:featuredmedia":[{"embeddable":true,"href":"https:\/\/zjarr.tv\/sq\/wp-json\/wp\/v2\/media\/75001"}],"wp:attachment":[{"href":"https:\/\/zjarr.tv\/sq\/wp-json\/wp\/v2\/media?parent=93882"}],"wp:term":[{"taxonomy":"category","embeddable":true,"href":"https:\/\/zjarr.tv\/sq\/wp-json\/wp\/v2\/categories?post=93882"},{"taxonomy":"post_tag","embeddable":true,"href":"https:\/\/zjarr.tv\/sq\/wp-json\/wp\/v2\/tags?post=93882"}],"curies":[{"name":"wp","href":"https:\/\/api.w.org\/{rel}","templated":true}]}}