{"id":93884,"date":"2019-07-02T12:56:43","date_gmt":"2019-07-02T10:56:43","guid":{"rendered":"https:\/\/zjarr.tv\/?p=93884"},"modified":"2019-07-02T12:56:43","modified_gmt":"2019-07-02T10:56:43","slug":"te-behemi-burra-shteti-meta-shba-be-u-tallen-njehere-me-2008","status":"publish","type":"post","link":"https:\/\/zjarr.tv\/sq\/te-behemi-burra-shteti-meta-shba-be-u-tallen-njehere-me-2008\/","title":{"rendered":"\u201cT\u00eb b\u00ebhemi burra shteti\u201d! Meta: SHBA-BE u tall\u00ebn nj\u00ebher\u00eb m\u00eb 2008"},"content":{"rendered":"<p>Presidenti i Republik\u00ebs, Ilir Meta, ka b\u00ebr\u00eb propozimin e tij p\u00ebr zgjidhjen e kriz\u00ebs s\u00eb thell\u00eb politike n\u00eb vend, duke th\u00ebn\u00eb q\u00eb vendi duhet t\u00eb zhvilloj\u00eb zgjedhje vendore, t\u00eb p\u00ebrgjithshme dhe p\u00ebr Presidentin m\u00eb 13 tetor.<\/p>\n<p>Pas propozimit t\u00eb tij, Meta i ka b\u00ebr\u00eb thirrje kryeministrit Edi Rama dhe ambasador\u00ebve t\u00eb huaj n\u00eb vendin ton\u00eb t\u00eb b\u00ebjn\u00eb propozimet e tyre.<\/p>\n<p>Nd\u00ebr t\u00eb tjera, Kreu i Shtetit \u00ebsht\u00eb treguar i ashp\u00ebr me nd\u00ebrkomb\u00ebtar\u00ebt, teksa ka deklaruar se n\u00eb vitin 2008 u tall\u00ebn me Shqip\u00ebrin\u00eb, teksa i mbanin \u201ciso\u201d Ram\u00ebs dhe Berish\u00ebs p\u00ebr t\u00eb ndryshuar Kushtetut\u00ebn. Sipas tij, politikan\u00ebt shqiptar\u00eb duhet t\u00eb b\u00ebhen burra shteti dhe t\u2019i zgjidhin vet\u00eb gj\u00ebrat.<\/p>\n<p>\u201cRama e ata q\u00eb s\u2019m\u00eb duan t\u00eb v\u00ebn\u00eb kandidat k\u00eb t\u00eb duan. T\u00eb mos shkojn\u00eb s\u00ebrish e t\u00eb na futen n\u00ebp\u00ebr ambasada, apo t\u00eb ikin, boll e zbraz\u00ebm Shqip\u00ebrin\u00eb. Ne do ta b\u00ebjm\u00eb Shqip\u00ebrin\u00eb nj\u00eb vend evropian, t\u00eb kthehen edhe refugjat\u00ebt. Kjo \u00ebsht\u00eb zgjidhja q\u00eb un\u00eb jap, nuk \u00ebsht\u00eb turp n\u00ebse nuk m\u00eb votojn\u00eb. Njer\u00ebzit duhet t\u00eb ken\u00eb besim te vota e tyre. Kjo \u00ebsht\u00eb rruga e zgjidhjes s\u00eb krizave.<\/p>\n<p>N\u00ebse ka propozim Rama le ta b\u00ebj\u00eb, ose ndonj\u00eb ambasadat q\u00eb flet p\u00ebr dialog apo nxit sherr. Asnj\u00eb propozim q\u00eb dhunon parimet e t\u00eb drejt\u00ebs nuk e pranoj. Jemi vend i NATO-s, mos t\u00eb tallen me Kushtetut\u00ebn ton\u00eb, u tall\u00ebn nj\u00ebher\u00eb n\u00eb 2008, kur i mbanin ISO-n Ram\u00ebs e Doktorit. Nj\u00ebri prej tyre \u00ebsht\u00eb akoma ambasador k\u00ebtu. Duhet t\u00eb b\u00ebhemi burra shteti dhe t\u2019i zgjidhim gj\u00ebrat vet\u00eb. Kush jan\u00eb k\u00ebta ambasador\u00eb q\u00eb kujtohen nj\u00eb dit\u00eb para zgjedhjeve dhe thon\u00eb do ta b\u00ebj\u00eb Gjykata Kushtetuese\u201d, ka deklaruar Ilir Meta.<\/p>\n<p>&nbsp;<\/p>\n","protected":false},"excerpt":{"rendered":"<p>Presidenti i Republik\u00ebs, Ilir Meta, ka b\u00ebr\u00eb propozimin e tij p\u00ebr zgjidhjen e kriz\u00ebs s\u00eb thell\u00eb politike n\u00eb vend, duke th\u00ebn\u00eb q\u00eb vendi duhet t\u00eb zhvilloj\u00eb zgjedhje vendore, t\u00eb p\u00ebrgjithshme dhe p\u00ebr Presidentin m\u00eb 13 tetor. Pas propozimit t\u00eb tij, Meta i ka b\u00ebr\u00eb thirrje kryeministrit Edi Rama dhe ambasador\u00ebve t\u00eb huaj n\u00eb vendin ton\u00eb [&hellip;]<\/p>\n","protected":false},"author":2013,"featured_media":84309,"comment_status":"open","ping_status":"closed","sticky":false,"template":"","format":"standard","meta":{"footnotes":""},"categories":[241,235],"tags":[],"class_list":{"0":"post-93884","1":"post","2":"type-post","3":"status-publish","4":"format-standard","5":"has-post-thumbnail","7":"category-aktualitet","8":"category-vendi"},"_links":{"self":[{"href":"https:\/\/zjarr.tv\/sq\/wp-json\/wp\/v2\/posts\/93884","targetHints":{"allow":["GET"]}}],"collection":[{"href":"https:\/\/zjarr.tv\/sq\/wp-json\/wp\/v2\/posts"}],"about":[{"href":"https:\/\/zjarr.tv\/sq\/wp-json\/wp\/v2\/types\/post"}],"author":[{"embeddable":true,"href":"https:\/\/zjarr.tv\/sq\/wp-json\/wp\/v2\/users\/2013"}],"replies":[{"embeddable":true,"href":"https:\/\/zjarr.tv\/sq\/wp-json\/wp\/v2\/comments?post=93884"}],"version-history":[{"count":0,"href":"https:\/\/zjarr.tv\/sq\/wp-json\/wp\/v2\/posts\/93884\/revisions"}],"wp:featuredmedia":[{"embeddable":true,"href":"https:\/\/zjarr.tv\/sq\/wp-json\/wp\/v2\/media\/84309"}],"wp:attachment":[{"href":"https:\/\/zjarr.tv\/sq\/wp-json\/wp\/v2\/media?parent=93884"}],"wp:term":[{"taxonomy":"category","embeddable":true,"href":"https:\/\/zjarr.tv\/sq\/wp-json\/wp\/v2\/categories?post=93884"},{"taxonomy":"post_tag","embeddable":true,"href":"https:\/\/zjarr.tv\/sq\/wp-json\/wp\/v2\/tags?post=93884"}],"curies":[{"name":"wp","href":"https:\/\/api.w.org\/{rel}","templated":true}]}}