{"id":93886,"date":"2019-07-02T12:58:22","date_gmt":"2019-07-02T10:58:22","guid":{"rendered":"https:\/\/zjarr.tv\/?p=93886"},"modified":"2019-07-02T12:58:22","modified_gmt":"2019-07-02T10:58:22","slug":"rama-zbulon-reformat-per-policine-dhe-i-urdheron-hidhuni-ne-sulm","status":"publish","type":"post","link":"https:\/\/zjarr.tv\/sq\/rama-zbulon-reformat-per-policine-dhe-i-urdheron-hidhuni-ne-sulm\/","title":{"rendered":"Rama zbulon reformat p\u00ebr policin\u00eb dhe i urdh\u00ebron: Hidhuni n\u00eb sulm!"},"content":{"rendered":"<p>Kryeministri Edi Rama iu ka k\u00ebrkuar efektiv\u00ebve t\u00eb Policis\u00eb s\u00eb Shtetit t\u00eb marrin menj\u00ebher\u00eb n\u00eb kontroll gjith\u00eb vij\u00ebn bregdetare, por edhe t\u00eb gjitha hap\u00ebsirat urbane, p\u00ebr t\u00eb ndaluar nd\u00ebrtimet e paligjshme.<\/p>\n<p>Gjat\u00eb takimit me drejtuesit e policis\u00eb, kreu i qeveris\u00eb urdh\u00ebroi polic\u00ebt t\u00eb hidhen n\u00eb veprim p\u00ebr t\u00eb identifikuar, ndaluar e penalizuar \u00e7do subjekt q\u00eb ushtron aktivitet nd\u00ebrtimor t\u00eb paligjsh\u00ebm<\/p>\n<p>\u201cVeprimtarit\u00eb kriminale jan\u00eb objekt i pun\u00ebs s\u00eb policis\u00eb. Ju k\u00ebrkoj sot hedhjen menj\u00ebher\u00eb n\u00eb veprim p\u00ebr t\u00eb identifikuar, ndaluar e penalizuar \u00e7do subjekt q\u00eb ushtron aktivitet nd\u00ebrtimor t\u00eb paligjsh\u00ebm. Kudo n\u00eb hap\u00ebsirat urbane, ku cenohet prona publike, prona e tjetrit, apo \u00e7do zon\u00eb p\u00ebr zhvillimin, duke filluar nga t\u00ebr\u00eb vija bregdetare. Dua q\u00eb kjo p\u00ebrpjekje t\u00eb p\u00ebrshkall\u00ebzohet n\u00eb nj\u00eb ofensiv\u00eb sistematike, si ofensiva shfaros\u00ebse e kanabisit.<\/p>\n<p>\u00c7do punonj\u00ebs n\u00eb teren duhet t\u00eb ket\u00eb t\u00eb qart\u00eb zon\u00ebn e v\u00ebzhgimit dhe duhet t\u00eb monitorohet p\u00ebr performanc\u00ebn. T\u00eb penalizoj\u00eb k\u00ebdo q\u00eb kapet n\u00eb kushtet e k\u00ebtij fenomeni. Shqip\u00ebria ka humbur shum\u00eb nga ky fenomen shkat\u00ebrrues e g\u00ebrryes. Kjo shtys\u00eb p\u00ebrpara duhet t\u00eb nis\u00eb menj\u00ebher\u00eb, n\u00eb bashk\u00ebpunim me IKMT, si dhe me pushtetin vendor t\u00eb zonave bregdetare n\u00eb radh\u00eb t\u00eb par\u00eb\u201d, tha Rama.<\/p>\n<p>M\u00eb tej, kreu i qeveris\u00eb foli p\u00ebr reformat q\u00eb duhen b\u00ebr\u00eb n\u00eb Policin\u00eb e Shtetit, duke u shprehur se reformimi duhet t\u00eb nis\u00eb me mekanizmat e Sh\u00ebrbimeve Inteligjente, p\u00ebr t\u00eb vijuar me operacionin \u201cForca e Ligjit\u201d, i cili sipas Ram\u00ebs, duhet t\u00eb vijoj\u00eb luft\u00ebn ndaj krimit. M\u00eb tej, Rama deklaroi se duhet v\u00ebn\u00eb me urgjenc\u00eb n\u00eb zbatim propozimi i kryepolicit Ardi Veliu p\u00ebr pension t\u00eb parakohsh\u00ebm t\u00eb polic\u00ebve.<\/p>\n<p>\u201cKa ardhur koha t\u00eb reformojm\u00eb mekanizmat e Sh\u00ebrbimeve Inteligjente t\u00eb vendit, n\u00eb bashk\u00ebpunim me nd\u00ebrkomb\u00ebtar\u00ebt. Forca e Ligjit duhet t\u00eb ket\u00eb n\u00eb b\u00ebrtham\u00ebn e policis\u00eb, p\u00ebr nj\u00eb hop t\u00eb m\u00ebtejsh\u00ebm cil\u00ebsor kund\u00ebr krimit t\u00eb organizuar dhe atij ekonomik. T\u00eb k\u00ebrkosh m\u00eb shum\u00eb nga Policia e Shtetit sot \u00ebsht\u00eb domosdoshm\u00ebri, q\u00eb duhet b\u00ebr\u00eb paralelisht m\u00eb mb\u00ebshtetje m\u00eb t\u00eb madhe financiare dhe ligjore.<\/p>\n<p>Kemi boshll\u00ebqe q\u00eb duhen mbushur sa m\u00eb shpejt. Fal\u00ebnderoj Ardi Veliun dhe ekipin e trup\u00ebs s\u00eb policis\u00eb, pranoj se duhet t\u2019iu p\u00ebrgjigjemi m\u00eb shum\u00eb nevojave t\u00eb tyre, q\u00eb ata t\u00eb b\u00ebjn\u00eb m\u00eb shum\u00eb. Urgjente ta v\u00ebm\u00eb n\u00eb zbatim propozimin e drejtorit p\u00ebr pension t\u00eb parakohsh\u00ebm t\u00eb policit, ulja e mosh\u00ebs mesatare, si dhe rritja e numrit t\u00eb efektiv\u00ebve t\u00eb terrenit.<\/p>\n<p>\u00cbsht\u00eb momenti i finalizimit t\u00eb procesit t\u00eb ligjv\u00ebnies p\u00ebr rritjen e paprekshm\u00ebris\u00eb s\u00eb uniform\u00ebs blu n\u00eb krye t\u00eb detyr\u00ebs. K\u00ebt\u00eb jav\u00eb ndryshime n\u00eb Kodin Penal p\u00ebr kund\u00ebrshtim t\u00eb policit, dhun\u00eb, prekja me dor\u00eb e policit do jen\u00eb vepra penale. Mjaft m\u00eb. Automjetet e vjedhura apo t\u00eb pasiguruar nuk duhet t\u00eb l\u00ebvizin m\u00eb lirisht n\u00eb Shqip\u00ebri. \u00cbsht\u00eb e domosdoshme p\u00ebr rritjen e cil\u00ebsis\u00eb s\u00eb punonj\u00ebsve t\u00eb policis\u00eb me qytetar\u00ebt. Ai q\u00eb nuk di t\u00eb sillet me qytetarin, duhet t\u00eb largohet si i padenj\u00eb. Polic\u00ebt e qarkullimit duhet t\u00eb jen\u00eb mode mir\u00ebsjellje me \u00e7do qytetar. Jo sjellje pa edukat\u00eb me qytetar\u00ebt. Vini n\u00eb zbatim nj\u00eb plan pune.<\/p>\n<p>E para rritje pagash n\u00eb vijim do jet\u00eb p\u00ebr Policin\u00eb e Shtetit. Fal\u00ebnderoj trupat speciale, q\u00eb dhan\u00eb kontribut shum\u00eb t\u00eb madh dhe p\u00ebrballuan volum shum\u00eb m\u00eb t\u00eb madh. Pagat e tyre do rriten, si dhe prioritetet p\u00ebr ta.<\/p>\n<p>Jam i vet\u00ebdijsh\u00ebm p\u00ebr gjendjen ende t\u00eb r\u00ebnd\u00eb p\u00ebr disa drejtori, ku nuk \u00ebsht\u00eb v\u00ebn\u00eb dor\u00eb q\u00eb prej koh\u00ebs s\u00eb qep\u00ebs dhe vjen era e degradimit dhe kalb\u00ebzimit. Duhet finalizuar projekti p\u00ebr nd\u00ebrhyrjen n\u00eb drejtorit\u00eb e policive.<\/p>\n<p>Shqip\u00ebria e 30 qershorit sh\u00ebrbeu t\u00eb drejt\u00ebn, jo t\u00eb majt\u00eb, dashurin\u00eb ndaj vendit, jo mllefin ndaj vendit. duhet t\u00eb p\u00ebrmir\u00ebsojm\u00eb vetveten, pun\u00ebn ton\u00eb n\u00eb raport me njer\u00ebzit. Ndaj dhe policia ka shum\u00eb p\u00ebr t\u00eb m\u00ebsuar, p\u00ebr t\u00eb p\u00ebrvet\u00ebsuar n\u00eb marr\u00ebdh\u00ebnie me qytetarin. Edhe un\u00eb kam shum\u00eb m\u00eb shum\u00eb p\u00ebr t\u00eb korrigjuar n\u00eb marr\u00ebdh\u00ebnie me ju dhe t\u00eb gjith\u00eb njer\u00ebzit e k\u00ebtij vendi\u201d, u shpreh kryeministri.<\/p>\n<p>&nbsp;<\/p>\n","protected":false},"excerpt":{"rendered":"<p>Kryeministri Edi Rama iu ka k\u00ebrkuar efektiv\u00ebve t\u00eb Policis\u00eb s\u00eb Shtetit t\u00eb marrin menj\u00ebher\u00eb n\u00eb kontroll gjith\u00eb vij\u00ebn bregdetare, por edhe t\u00eb gjitha hap\u00ebsirat urbane, p\u00ebr t\u00eb ndaluar nd\u00ebrtimet e paligjshme. Gjat\u00eb takimit me drejtuesit e policis\u00eb, kreu i qeveris\u00eb urdh\u00ebroi polic\u00ebt t\u00eb hidhen n\u00eb veprim p\u00ebr t\u00eb identifikuar, ndaluar e penalizuar \u00e7do subjekt q\u00eb [&hellip;]<\/p>\n","protected":false},"author":2013,"featured_media":68133,"comment_status":"open","ping_status":"closed","sticky":false,"template":"","format":"standard","meta":{"footnotes":""},"categories":[241,235],"tags":[],"class_list":{"0":"post-93886","1":"post","2":"type-post","3":"status-publish","4":"format-standard","5":"has-post-thumbnail","7":"category-aktualitet","8":"category-vendi"},"_links":{"self":[{"href":"https:\/\/zjarr.tv\/sq\/wp-json\/wp\/v2\/posts\/93886","targetHints":{"allow":["GET"]}}],"collection":[{"href":"https:\/\/zjarr.tv\/sq\/wp-json\/wp\/v2\/posts"}],"about":[{"href":"https:\/\/zjarr.tv\/sq\/wp-json\/wp\/v2\/types\/post"}],"author":[{"embeddable":true,"href":"https:\/\/zjarr.tv\/sq\/wp-json\/wp\/v2\/users\/2013"}],"replies":[{"embeddable":true,"href":"https:\/\/zjarr.tv\/sq\/wp-json\/wp\/v2\/comments?post=93886"}],"version-history":[{"count":0,"href":"https:\/\/zjarr.tv\/sq\/wp-json\/wp\/v2\/posts\/93886\/revisions"}],"wp:featuredmedia":[{"embeddable":true,"href":"https:\/\/zjarr.tv\/sq\/wp-json\/wp\/v2\/media\/68133"}],"wp:attachment":[{"href":"https:\/\/zjarr.tv\/sq\/wp-json\/wp\/v2\/media?parent=93886"}],"wp:term":[{"taxonomy":"category","embeddable":true,"href":"https:\/\/zjarr.tv\/sq\/wp-json\/wp\/v2\/categories?post=93886"},{"taxonomy":"post_tag","embeddable":true,"href":"https:\/\/zjarr.tv\/sq\/wp-json\/wp\/v2\/tags?post=93886"}],"curies":[{"name":"wp","href":"https:\/\/api.w.org\/{rel}","templated":true}]}}