{"id":93890,"date":"2019-07-02T13:02:58","date_gmt":"2019-07-02T11:02:58","guid":{"rendered":"https:\/\/zjarr.tv\/?p=93890"},"modified":"2019-07-02T13:02:58","modified_gmt":"2019-07-02T11:02:58","slug":"votimet-al-jazeera-po-dalin-shkeljet-e-manipulimet-ramen-se-votoi-as-ps","status":"publish","type":"post","link":"https:\/\/zjarr.tv\/sq\/votimet-al-jazeera-po-dalin-shkeljet-e-manipulimet-ramen-se-votoi-as-ps\/","title":{"rendered":"Votimet\/ Al Jazeera: Po dalin shkeljet e manipulimet, Ram\u00ebn se votoi as PS"},"content":{"rendered":"<p>Nga John Psaropoulos<\/p>\n<p>V\u00ebzhguesit nd\u00ebrkomb\u00ebtar\u00eb than\u00eb se zgjedhjet vendore n\u00eb Shqip\u00ebri u mbajt\u00ebn pa respektin e duhur p\u00ebr interesat e elektoratit. Vler\u00ebsimi paraprak kritik erdhi t\u00eb h\u00ebn\u00ebn nga ambasadorja Audrey Glover, e cila udh\u00ebhoqi misionin e Organizat\u00ebs p\u00ebr Siguri dhe Bashk\u00ebpunim.<\/p>\n<p>\u2018Opozita vendosi t\u00eb mos marr\u00eb pjes\u00eb dhe qeveria vendosi t\u00eb mbaj\u00eb zgjedhjet pa t\u00eb. N\u00eb nj\u00eb klim\u00eb tensioni dhe polarizimi politik, votuesit nuk kishin nj\u00eb zgjedhje kuptimplot\u00eb mes opsioneve politike,\u2019 tha Glover.<\/p>\n<p>Misioni i OSBE do t\u00eb punoj\u00eb dy muaj p\u00ebr t\u00eb mbledhur akuzat p\u00ebr mashtrim zgjedhor dhe shkelje, por disa prej tyre kan\u00eb nisur t\u00eb dalin q\u00eb tani.<\/p>\n<p>N\u00eb qytetin verior t\u00eb Shkodr\u00ebs, pran\u00eb kufirit me Malin e Zi, kryebashkiakja Voltana Ademi tha p\u00ebr Al Jazeera se kishte mbledhur d\u00ebshmi t\u00eb komisioner\u00ebve zgjedhore q\u00eb votonin n\u00eb em\u00ebr t\u00eb njer\u00ebzve t\u00eb tjer\u00eb.<\/p>\n<p>\u2018Komisioner\u00ebt telefonuan familjet dhe individ\u00ebt q\u00eb njihnin dhe u k\u00ebrkuan numrat e kartave t\u00eb identitetit\u2026 p\u00ebr t\u00eb mbushur flet\u00ebt e votimit q\u00eb kishin dhe p\u00ebr t\u00eb votuar p\u00ebr ta. Dhe ata n\u00ebnshkruan n\u00eb em\u00ebr t\u00eb tyre,\u2019 thot\u00eb Ademi.<\/p>\n<p>Ademi tha se beson se punonj\u00ebsit e shtetit n\u00eb shkolla dhe spitale, si dhe policia dhe sh\u00ebrbimi civil, u detyruan t\u00eb votonin.<\/p>\n<p>\u2018Ata duhej t\u00eb votonin p\u00ebr t\u2019iu bindur nj\u00eb urdhri q\u00eb ishte dh\u00ebn\u00eb ndaj tyre,\u2019 thot\u00eb ajo. \u2018Ata fotografuan vot\u00ebn, por pati edhe prej atyre q\u00eb kan\u00eb shkruar: na detyruan ta b\u00ebjm\u00eb k\u00ebt\u00eb\u2019.<\/p>\n<p>&nbsp;<\/p>\n","protected":false},"excerpt":{"rendered":"<p>Nga John Psaropoulos V\u00ebzhguesit nd\u00ebrkomb\u00ebtar\u00eb than\u00eb se zgjedhjet vendore n\u00eb Shqip\u00ebri u mbajt\u00ebn pa respektin e duhur p\u00ebr interesat e elektoratit. Vler\u00ebsimi paraprak kritik erdhi t\u00eb h\u00ebn\u00ebn nga ambasadorja Audrey Glover, e cila udh\u00ebhoqi misionin e Organizat\u00ebs p\u00ebr Siguri dhe Bashk\u00ebpunim. \u2018Opozita vendosi t\u00eb mos marr\u00eb pjes\u00eb dhe qeveria vendosi t\u00eb mbaj\u00eb zgjedhjet pa t\u00eb. [&hellip;]<\/p>\n","protected":false},"author":2013,"featured_media":93891,"comment_status":"open","ping_status":"closed","sticky":false,"template":"","format":"standard","meta":{"footnotes":""},"categories":[241,235],"tags":[],"class_list":{"0":"post-93890","1":"post","2":"type-post","3":"status-publish","4":"format-standard","5":"has-post-thumbnail","7":"category-aktualitet","8":"category-vendi"},"_links":{"self":[{"href":"https:\/\/zjarr.tv\/sq\/wp-json\/wp\/v2\/posts\/93890","targetHints":{"allow":["GET"]}}],"collection":[{"href":"https:\/\/zjarr.tv\/sq\/wp-json\/wp\/v2\/posts"}],"about":[{"href":"https:\/\/zjarr.tv\/sq\/wp-json\/wp\/v2\/types\/post"}],"author":[{"embeddable":true,"href":"https:\/\/zjarr.tv\/sq\/wp-json\/wp\/v2\/users\/2013"}],"replies":[{"embeddable":true,"href":"https:\/\/zjarr.tv\/sq\/wp-json\/wp\/v2\/comments?post=93890"}],"version-history":[{"count":0,"href":"https:\/\/zjarr.tv\/sq\/wp-json\/wp\/v2\/posts\/93890\/revisions"}],"wp:featuredmedia":[{"embeddable":true,"href":"https:\/\/zjarr.tv\/sq\/wp-json\/wp\/v2\/media\/93891"}],"wp:attachment":[{"href":"https:\/\/zjarr.tv\/sq\/wp-json\/wp\/v2\/media?parent=93890"}],"wp:term":[{"taxonomy":"category","embeddable":true,"href":"https:\/\/zjarr.tv\/sq\/wp-json\/wp\/v2\/categories?post=93890"},{"taxonomy":"post_tag","embeddable":true,"href":"https:\/\/zjarr.tv\/sq\/wp-json\/wp\/v2\/tags?post=93890"}],"curies":[{"name":"wp","href":"https:\/\/api.w.org\/{rel}","templated":true}]}}