{"id":93896,"date":"2019-07-02T13:06:00","date_gmt":"2019-07-02T11:06:00","guid":{"rendered":"https:\/\/zjarr.tv\/?p=93896"},"modified":"2019-07-02T13:06:00","modified_gmt":"2019-07-02T11:06:00","slug":"spartak-ngjela-ilir-meta-ne-pragun-e-burgut","status":"publish","type":"post","link":"https:\/\/zjarr.tv\/sq\/spartak-ngjela-ilir-meta-ne-pragun-e-burgut\/","title":{"rendered":"Spartak Ngjela: Ilir Meta n\u00eb pragun e burgut"},"content":{"rendered":"<p>Avokati i njohur Spartak Ngjela, p\u00ebrmes nj\u00eb statusi n\u00eb rrjetet sociale skanon situat\u00ebn politike. Sipas tij, njeriu m\u00eb i rrezikuar sot \u00ebsht\u00eb Presidenti Meta, i cili jo vet\u00ebm \u00ebsht\u00eb n\u00eb prag t\u00eb shkarkimit por edhe n\u00eb prag t\u00eb burgut, si\u00e7 shprehet Ngjela.<\/p>\n<p>Sipas tij, e keqja politikan\u00ebve shqiptar\u00eb nuk do ju vij\u00eb nga e prisnin ( goditja amerikane p\u00ebr b\u00ebmat me krimin nd\u00ebrkomb\u00ebtar), por nga goditja anti korrupsion e SPAK.<\/p>\n<p><strong>Postimi i plot\u00eb:<\/strong><\/p>\n<p>Gjith\u00e7ka i mbyll. Shqip\u00ebria shp\u00ebtoi nga nj\u00eb agresion banditesk antikomb\u00ebtar, i cili k\u00ebrkonte t\u00eb shkat\u00ebrrote Shqip\u00ebrin\u00eb p\u00ebr t\u00eb shp\u00ebtuar parat\u00eb dhe pronat e p\u00ebrfituara me korrupsion t\u00eb lart\u00eb shtet\u00ebror.<\/p>\n<p>Gjith\u00e7ka erdhi si ndihm\u00eb fal\u00eb politik\u00ebs s\u00eb lart\u00eb amerikane.<\/p>\n<p>Un\u00eb isha i sigurt p\u00ebr k\u00ebt\u00eb. K\u00ebrc\u00ebnimi i saj ndaj Berish\u00ebs, Bash\u00ebs dhe Met\u00ebs ka qen\u00eb fatal p\u00ebr ta, dhe me fakte t\u00eb implikimit t\u00eb tyre n\u00eb krimin nd\u00ebrkomb\u00ebtar.<\/p>\n<p>Tani shqiptar\u00ebt nuk ka m\u00eb forc\u00eb q\u00eb t\u2019i ndaloj\u00eb n\u00eb rrug\u00ebn e tyre drejt prosperitetit dhe Bashkimit Europian.<br \/>\nK\u00ebrc\u00ebnimi amerikan ndaj band\u00ebs d\u00ebmprur\u00ebse t\u00eb Shqip\u00ebris\u00eb \u00ebsht\u00eb nj\u00eb vep\u00ebr madhore p\u00ebr shp\u00ebtimin e shqiptar\u00ebve nga nj\u00eb band\u00eb kriminale.<\/p>\n<p>E keni par\u00eb si jan\u00eb b\u00ebr\u00eb?<\/p>\n<p>Duan t\u00eb kapen tani nga zgjedhjet. Jan\u00eb nivel i ul\u00ebt intelektiv. Pa mend. E shihni se \u00e7far\u00eb llomotisin: zgjedhje mister thon\u00eb. Nuk mor\u00ebn pjes\u00eb n\u00eb zgjedhje, dhe pastaj thon\u00eb se nuk kishte zgjedhje.<\/p>\n<p>E dini pse: s\u00eb q\u00ebndresa p\u00ebr t\u00eb zhvilluar k\u00ebto zgjedhje i varrosi me gjith\u00ebsejt. Mendje, mendje m\u00eb t\u00eb shterp\u00ebzuara nuk ka par\u00eb historia e Shqip\u00ebris\u00eb. (!)<\/p>\n<p>N\u00eb fakt kan\u00eb humbur me gjith\u00ebsej dhe tani le t\u00eb presin t\u00eb qet\u00eb akuz\u00ebn penale dhe shpron\u00ebsimin ligjor.<\/p>\n<p>Kurse m\u00eb budallai po rezulton Ilir Meta. Ai po luan rolin e komikut. \u00cbsht\u00eb n\u00eb prag t\u00eb shkarkimit t\u00eb tij ligjor dhe luan sikur t\u00eb jet\u00eb nj\u00eb mbret i ligjsh\u00ebm.<\/p>\n<p>\u00cbsht\u00eb n\u00eb grupin keqb\u00ebr\u00ebs t\u00eb Shqip\u00ebris\u00eb dhe n\u00eb prag t\u00eb burgut, dhe sillet sikur t\u00eb jet\u00eb mbreti i nj\u00eb dinastie dyqindvje\u00e7are. Jan\u00eb n\u00eb hall. Por nuk b\u00ebjn\u00eb dot asgj\u00eb. Pse?<\/p>\n<p>Sepse e keqja q\u00eb mund t\u2019iu vinte nga goditja amerikane p\u00ebr b\u00ebmat e tyre me krimin nd\u00ebrkomb\u00ebtar, \u00ebsht\u00eb shum\u00eb m\u00eb e r\u00ebnd\u00eb nga goditja anti korrupsion q\u00eb do t\u00eb marrin nga SPAK.<\/p>\n<p>&nbsp;<\/p>\n<p>&nbsp;<\/p>\n","protected":false},"excerpt":{"rendered":"<p>Avokati i njohur Spartak Ngjela, p\u00ebrmes nj\u00eb statusi n\u00eb rrjetet sociale skanon situat\u00ebn politike. Sipas tij, njeriu m\u00eb i rrezikuar sot \u00ebsht\u00eb Presidenti Meta, i cili jo vet\u00ebm \u00ebsht\u00eb n\u00eb prag t\u00eb shkarkimit por edhe n\u00eb prag t\u00eb burgut, si\u00e7 shprehet Ngjela. Sipas tij, e keqja politikan\u00ebve shqiptar\u00eb nuk do ju vij\u00eb nga e prisnin [&hellip;]<\/p>\n","protected":false},"author":2013,"featured_media":54879,"comment_status":"open","ping_status":"closed","sticky":false,"template":"","format":"standard","meta":{"footnotes":""},"categories":[241,235],"tags":[],"class_list":{"0":"post-93896","1":"post","2":"type-post","3":"status-publish","4":"format-standard","5":"has-post-thumbnail","7":"category-aktualitet","8":"category-vendi"},"_links":{"self":[{"href":"https:\/\/zjarr.tv\/sq\/wp-json\/wp\/v2\/posts\/93896","targetHints":{"allow":["GET"]}}],"collection":[{"href":"https:\/\/zjarr.tv\/sq\/wp-json\/wp\/v2\/posts"}],"about":[{"href":"https:\/\/zjarr.tv\/sq\/wp-json\/wp\/v2\/types\/post"}],"author":[{"embeddable":true,"href":"https:\/\/zjarr.tv\/sq\/wp-json\/wp\/v2\/users\/2013"}],"replies":[{"embeddable":true,"href":"https:\/\/zjarr.tv\/sq\/wp-json\/wp\/v2\/comments?post=93896"}],"version-history":[{"count":0,"href":"https:\/\/zjarr.tv\/sq\/wp-json\/wp\/v2\/posts\/93896\/revisions"}],"wp:featuredmedia":[{"embeddable":true,"href":"https:\/\/zjarr.tv\/sq\/wp-json\/wp\/v2\/media\/54879"}],"wp:attachment":[{"href":"https:\/\/zjarr.tv\/sq\/wp-json\/wp\/v2\/media?parent=93896"}],"wp:term":[{"taxonomy":"category","embeddable":true,"href":"https:\/\/zjarr.tv\/sq\/wp-json\/wp\/v2\/categories?post=93896"},{"taxonomy":"post_tag","embeddable":true,"href":"https:\/\/zjarr.tv\/sq\/wp-json\/wp\/v2\/tags?post=93896"}],"curies":[{"name":"wp","href":"https:\/\/api.w.org\/{rel}","templated":true}]}}