{"id":93936,"date":"2019-07-02T15:03:33","date_gmt":"2019-07-02T13:03:33","guid":{"rendered":"https:\/\/zjarr.tv\/?p=93936"},"modified":"2019-07-02T15:03:33","modified_gmt":"2019-07-02T13:03:33","slug":"ruci-uron-sekretaren-e-pergjithshme-te-kie","status":"publish","type":"post","link":"https:\/\/zjarr.tv\/sq\/ruci-uron-sekretaren-e-pergjithshme-te-kie\/","title":{"rendered":"Ru\u00e7i uron Sekretaren e P\u00ebrgjithshme t\u00eb KiE"},"content":{"rendered":"<p>Kryetari i Kuvendit, z. Gramoz Ru\u00e7i, i ka d\u00ebrguar sot nj\u00eb urim Sekretares s\u00eb P\u00ebrgjithshme t\u00eb K\u00ebshillit t\u00eb Europ\u00ebs, znj. Marija Pejcinovic Buric, me rastin e zgjedhjes s\u00eb saj n\u00eb k\u00ebt\u00eb detyr\u00eb.<\/p>\n<p>\u201cMe rastin e zgjedhjes Tuaj n\u00eb detyr\u00ebn e lart\u00eb t\u00eb Sekretares s\u00eb P\u00ebrgjithshme t\u00eb K\u00ebshillit t\u00eb Europ\u00ebs, organizat\u00ebs paneuropiane, promotor\u00eb e mbrojtjes dhe konsolidimit t\u00eb demokracis\u00eb, shtetit t\u00eb s\u00eb drejt\u00ebs dhe t\u00eb drejtave t\u00eb njeriut, Ju uroj shum\u00eb suksese n\u00eb p\u00ebrmbushjen e k\u00ebsaj detyre fisnike dhe impenjative. Jam i bindur se p\u00ebrvoja dhe profili i Juaj profesional dhe politik do t\u00eb kontribuojn\u00eb n\u00eb avancimin e misionit t\u00eb K\u00ebshillit t\u00eb Europ\u00ebs n\u00eb mb\u00ebshtetje t\u00eb parimeve, vlerave dhe standarteve europiane. Gjithashtu shpreh bindjen se bashk\u00ebpunimi midis Kuvendit t\u00eb Shqip\u00ebris\u00eb dhe K\u00ebshillit t\u00eb Europ\u00ebs do t\u00eb vazhdoj\u00eb t\u00eb fuqizohet, n\u00eb t\u00eb mir\u00eb t\u00eb p\u00ebrmir\u00ebsimit t\u00eb standarteve demokratike, rritjes s\u00eb mir\u00ebqenies ekonomike e sociale dhe integrimit europian t\u00eb Shqip\u00ebris\u00eb dhe t\u00eb Ballkanit Per\u00ebndimor\u201d,- shkruhet n\u00eb letr\u00ebn e urimit t\u00eb Kryetarit t\u00eb Kuvendit z. Gramoz Ru\u00e7i.<\/p>\n<p>&nbsp;<\/p>\n","protected":false},"excerpt":{"rendered":"<p>Kryetari i Kuvendit, z. Gramoz Ru\u00e7i, i ka d\u00ebrguar sot nj\u00eb urim Sekretares s\u00eb P\u00ebrgjithshme t\u00eb K\u00ebshillit t\u00eb Europ\u00ebs, znj. Marija Pejcinovic Buric, me rastin e zgjedhjes s\u00eb saj n\u00eb k\u00ebt\u00eb detyr\u00eb. \u201cMe rastin e zgjedhjes Tuaj n\u00eb detyr\u00ebn e lart\u00eb t\u00eb Sekretares s\u00eb P\u00ebrgjithshme t\u00eb K\u00ebshillit t\u00eb Europ\u00ebs, organizat\u00ebs paneuropiane, promotor\u00eb e mbrojtjes dhe [&hellip;]<\/p>\n","protected":false},"author":2013,"featured_media":59363,"comment_status":"open","ping_status":"closed","sticky":false,"template":"","format":"standard","meta":{"footnotes":""},"categories":[241,235],"tags":[],"class_list":{"0":"post-93936","1":"post","2":"type-post","3":"status-publish","4":"format-standard","5":"has-post-thumbnail","7":"category-aktualitet","8":"category-vendi"},"_links":{"self":[{"href":"https:\/\/zjarr.tv\/sq\/wp-json\/wp\/v2\/posts\/93936","targetHints":{"allow":["GET"]}}],"collection":[{"href":"https:\/\/zjarr.tv\/sq\/wp-json\/wp\/v2\/posts"}],"about":[{"href":"https:\/\/zjarr.tv\/sq\/wp-json\/wp\/v2\/types\/post"}],"author":[{"embeddable":true,"href":"https:\/\/zjarr.tv\/sq\/wp-json\/wp\/v2\/users\/2013"}],"replies":[{"embeddable":true,"href":"https:\/\/zjarr.tv\/sq\/wp-json\/wp\/v2\/comments?post=93936"}],"version-history":[{"count":0,"href":"https:\/\/zjarr.tv\/sq\/wp-json\/wp\/v2\/posts\/93936\/revisions"}],"wp:featuredmedia":[{"embeddable":true,"href":"https:\/\/zjarr.tv\/sq\/wp-json\/wp\/v2\/media\/59363"}],"wp:attachment":[{"href":"https:\/\/zjarr.tv\/sq\/wp-json\/wp\/v2\/media?parent=93936"}],"wp:term":[{"taxonomy":"category","embeddable":true,"href":"https:\/\/zjarr.tv\/sq\/wp-json\/wp\/v2\/categories?post=93936"},{"taxonomy":"post_tag","embeddable":true,"href":"https:\/\/zjarr.tv\/sq\/wp-json\/wp\/v2\/tags?post=93936"}],"curies":[{"name":"wp","href":"https:\/\/api.w.org\/{rel}","templated":true}]}}