{"id":93946,"date":"2019-07-02T16:17:50","date_gmt":"2019-07-02T14:17:50","guid":{"rendered":"https:\/\/zjarr.tv\/?p=93946"},"modified":"2019-07-02T16:17:50","modified_gmt":"2019-07-02T14:17:50","slug":"denoncimi-i-vasilit-ne-kutite-e-votimit-ne-durres-gjenden-mijera-vota-me-shume","status":"publish","type":"post","link":"https:\/\/zjarr.tv\/sq\/denoncimi-i-vasilit-ne-kutite-e-votimit-ne-durres-gjenden-mijera-vota-me-shume\/","title":{"rendered":"Denoncimi i Vasilit: N\u00eb kutit\u00eb e votimit n\u00eb Durr\u00ebs gjenden mij\u00ebra vota m\u00eb shum\u00eb"},"content":{"rendered":"<p>N\u00ebnkryetari i L\u00ebvizjes Socialiste p\u00ebr Integrim, Petrit Vasili n\u00eb nj\u00eb deklarat\u00eb p\u00ebr mediat denoncoi vjedhjen e vot\u00ebs n\u00eb Bashkin\u00eb e Durr\u00ebsit.<\/p>\n<p>Vasili tha se n\u00eb kutit\u00eb e votimit n\u00eb Durr\u00ebs gjenden mij\u00ebra vota m\u00eb shum\u00eb, n\u00eb raport me votuesit t\u00eb raportuar se kan\u00eb votuar.<\/p>\n<p><strong>Vasili:<\/strong>\u00a0<em>Mij\u00ebra vota n\u00eb t\u00eb t\u00ebr\u00eb vendin jan\u00eb produkt i mbushjes s\u00eb paligjshme dhe kriminale i kutive t\u00eb votimit dhe jo i vullnetit t\u00eb shiqptar\u00ebve. Ndon\u00ebse gjith\u00e7ka ka qen\u00eb n\u00eb duart e tyre nuk kan\u00eb mundur t\u00eb fshehin krimin elektoral q\u00eb \u00ebsht\u00eb evident dhe shum\u00eb i qart\u00eb. N\u00eb Bashkin\u00eb e Durr\u00ebsit n\u00eb raport me votuesit t\u00eb raportuar q\u00eb kan\u00eb votuar, n\u00eb kutit\u00eb e votimit gjenden mij\u00ebra vota m\u00eb shum\u00eb.<\/em><\/p>\n<p>Sipas Vasilit k\u00ebto mij\u00ebra vota jan\u00eb prova se pushteti dhe kryeministri ka marr\u00eb fund dhe se shqiptar\u00ebt nuk do sakrifikojn\u00eb jet\u00ebn e tyre p\u00ebr nj\u00eb t\u00eb vdekur politik<\/p>\n<p><strong>Vasili:<\/strong><em>\u00a0K\u00ebto mij\u00ebra vota n\u00eb t\u00eb gjith\u00eb Shqip\u00ebrin\u00eb dhe ky refuzim si akti m\u00eb i lart\u00eb qytetar \u00ebsht\u00eb prova e nj\u00eb pushteti dhe kryeministri q\u00eb ka marr\u00eb fund. Shqiptar\u00ebt nuk do sakrifikojn\u00eb jet\u00ebn e tyre p\u00ebr nj\u00eb t\u00eb vdekur politik, i cili vet\u00ebm shtyn arkivolin e tij politik.<\/em><\/p>\n<p>&nbsp;<\/p>\n","protected":false},"excerpt":{"rendered":"<p>N\u00ebnkryetari i L\u00ebvizjes Socialiste p\u00ebr Integrim, Petrit Vasili n\u00eb nj\u00eb deklarat\u00eb p\u00ebr mediat denoncoi vjedhjen e vot\u00ebs n\u00eb Bashkin\u00eb e Durr\u00ebsit. Vasili tha se n\u00eb kutit\u00eb e votimit n\u00eb Durr\u00ebs gjenden mij\u00ebra vota m\u00eb shum\u00eb, n\u00eb raport me votuesit t\u00eb raportuar se kan\u00eb votuar. Vasili:\u00a0Mij\u00ebra vota n\u00eb t\u00eb t\u00ebr\u00eb vendin jan\u00eb produkt i mbushjes s\u00eb [&hellip;]<\/p>\n","protected":false},"author":2013,"featured_media":70162,"comment_status":"open","ping_status":"closed","sticky":false,"template":"","format":"standard","meta":{"footnotes":""},"categories":[241,235],"tags":[],"class_list":{"0":"post-93946","1":"post","2":"type-post","3":"status-publish","4":"format-standard","5":"has-post-thumbnail","7":"category-aktualitet","8":"category-vendi"},"_links":{"self":[{"href":"https:\/\/zjarr.tv\/sq\/wp-json\/wp\/v2\/posts\/93946","targetHints":{"allow":["GET"]}}],"collection":[{"href":"https:\/\/zjarr.tv\/sq\/wp-json\/wp\/v2\/posts"}],"about":[{"href":"https:\/\/zjarr.tv\/sq\/wp-json\/wp\/v2\/types\/post"}],"author":[{"embeddable":true,"href":"https:\/\/zjarr.tv\/sq\/wp-json\/wp\/v2\/users\/2013"}],"replies":[{"embeddable":true,"href":"https:\/\/zjarr.tv\/sq\/wp-json\/wp\/v2\/comments?post=93946"}],"version-history":[{"count":0,"href":"https:\/\/zjarr.tv\/sq\/wp-json\/wp\/v2\/posts\/93946\/revisions"}],"wp:featuredmedia":[{"embeddable":true,"href":"https:\/\/zjarr.tv\/sq\/wp-json\/wp\/v2\/media\/70162"}],"wp:attachment":[{"href":"https:\/\/zjarr.tv\/sq\/wp-json\/wp\/v2\/media?parent=93946"}],"wp:term":[{"taxonomy":"category","embeddable":true,"href":"https:\/\/zjarr.tv\/sq\/wp-json\/wp\/v2\/categories?post=93946"},{"taxonomy":"post_tag","embeddable":true,"href":"https:\/\/zjarr.tv\/sq\/wp-json\/wp\/v2\/tags?post=93946"}],"curies":[{"name":"wp","href":"https:\/\/api.w.org\/{rel}","templated":true}]}}