{"id":93948,"date":"2019-07-02T16:31:05","date_gmt":"2019-07-02T14:31:05","guid":{"rendered":"https:\/\/zjarr.tv\/?p=93948"},"modified":"2019-07-02T16:31:05","modified_gmt":"2019-07-02T14:31:05","slug":"gjosha-shqiperia-nen-sundimin-e-nje-te-cmenduri","status":"publish","type":"post","link":"https:\/\/zjarr.tv\/sq\/gjosha-shqiperia-nen-sundimin-e-nje-te-cmenduri\/","title":{"rendered":"Gjosha: Shqip\u00ebria n\u00ebn sundimin e nj\u00eb t\u00eb \u00e7menduri&#8217;"},"content":{"rendered":"<p>\u201cShqip\u00ebria n\u00ebn sundimin e nj\u00eb t\u00eb \u00e7menduri!\u201d.<\/p>\n<p>K\u00ebshtu shkruan Klajda Gjosha, ish ministre e integrimit dhe ish deputete e LSI n\u00eb nj\u00eb postim t\u00eb sajin n\u00eb Facebook.<\/p>\n<p>Sipas saj, \u201c\u00e7do dit\u00eb q\u00eb kalon bindem edhe m\u00eb shum\u00eb se Shqip\u00ebria \u00ebsht\u00eb n\u00ebn sundimin e nj\u00eb njeriu t\u00eb s\u00ebmur\u00eb, q\u00eb pasi mori tepsin\u00eb dhe timonin, pasi shkat\u00ebrroi ekonomin\u00eb, pluralizmin politik, demokracin\u00eb, i mbylli goj\u00ebn medias s\u00eb lir\u00eb, kapi t\u00eb gjitha pushtetet, tashm\u00eb e ka shitur Shqip\u00ebrin\u00eb p\u00ebr interesa t\u00eb err\u00ebta personale dhe kriminale!\u201d<\/p>\n<p>Gjosha n\u00eb p\u00ebrfundim shton se, zgjidhja e kriz\u00ebs n\u00eb vend k\u00ebrkon maturi politike dhe vullnet t\u00eb mir\u00eb p\u00ebr ndryshim.<\/p>\n<p>Postimi i plot\u00eb i Klajda Gjosh\u00ebs:<\/p>\n<p>Shqip\u00ebria n\u00ebn sundimin e nj\u00eb t\u00eb cmenduri!<\/p>\n<p>Cdo dit\u00eb q\u00eb kalon bindem edhe m\u00eb shum\u00eb se Shqip\u00ebria \u00ebsht\u00eb n\u00ebn sundimin e nj\u00eb njeriu t\u00eb s\u00ebmur\u00eb, q\u00eb pasi mori tepsin\u00eb dhe timonin, pasi shkat\u00ebrroi ekonomin\u00eb, pluralizmin politik, demokracin\u00eb, i mbylli goj\u00ebn medias s\u00eb lir\u00eb, kapi t\u00eb gjitha pushtetet, tashm\u00eb e ka shitur Shqip\u00ebrin\u00eb p\u00ebr interesa t\u00eb err\u00ebta personale dhe kriminale!<\/p>\n<p>Shqip\u00ebria nuk ka m\u00eb qeverisje por \u00ebsht\u00eb e marr\u00eb peng nga nj\u00eb grup individ\u00ebsh t\u00eb kthyer n\u00eb nj\u00eb organizat\u00eb terrorist\u00ebsh, q\u00eb si kamikaz hidhen n\u00eb er\u00eb, n\u00eb em\u00ebr t\u00eb marr\u00ebzis\u00eb, etjes p\u00ebr pushtet dhe kaosit shoq\u00ebror!<\/p>\n<p>Qytetar\u00ebt jan\u00eb corientuar mes dilem\u00ebs p\u00ebr t\u00eb sakrifikuar jet\u00ebt e tyre n\u00eb Shqip\u00ebri apo p\u00ebr t\u2019u larguar nj\u00eb her\u00eb e mir\u00eb nga cmenduria n\u00eb t\u00eb cil\u00ebn Kryeministri dhe politika e tij e kan\u00eb futur vendin! Durimi ka arritur limitet dhe kjo u shpreh edhe n\u00eb 30 Qershorin e err\u00ebt, q\u00eb do t\u00eb gdhendet thell\u00eb n\u00eb historin\u00eb e vendit ton\u00eb dhe q\u00eb do t\u00eb kujtohet si nj\u00eb dit\u00eb zie!<\/p>\n<p>Shqip\u00ebria ka nevoj\u00eb t\u00eb zgjohet nga ankthi dhe frika q\u00eb e ka shoq\u00ebruar n\u00eb shum\u00eb vite, ka nevoj\u00eb t\u00eb zgjohet me politikan\u00eb q\u00eb mund t\u00eb marrin n\u00eb dor\u00eb p\u00ebrgjegj\u00ebsit\u00eb dhe fatet e nj\u00eb kombi t\u00eb vuajtur dhe ka nevoj\u00eb t\u00eb clirohet nga mbytja q\u00eb po i b\u00ebhet cdo dit\u00eb nga filxhani i zi i t\u00eb cmendurit, q\u00eb sundon sot mbi qytetar\u00ebt!<\/p>\n<p>Trek\u00ebnd\u00ebshi i zgjidhjes s\u00eb k\u00ebsaj krize ul\u00ebrit\u00ebse n\u00eb t\u00eb cil\u00ebn ndodhet vendi do t\u00eb ishte unitet mes qytetar\u00ebve, maturi politike dhe vullnet i mir\u00eb p\u00ebr ndryshim! Vet\u00ebm k\u00ebshtu mund t\u00eb dalim nga kolapsi psikologjik, ekonomik dhe shoq\u00ebror q\u00eb po p\u00ebrjetojm\u00eb n\u00eb k\u00ebto momente!<\/p>\n<p>&nbsp;<\/p>\n","protected":false},"excerpt":{"rendered":"<p>\u201cShqip\u00ebria n\u00ebn sundimin e nj\u00eb t\u00eb \u00e7menduri!\u201d. K\u00ebshtu shkruan Klajda Gjosha, ish ministre e integrimit dhe ish deputete e LSI n\u00eb nj\u00eb postim t\u00eb sajin n\u00eb Facebook. Sipas saj, \u201c\u00e7do dit\u00eb q\u00eb kalon bindem edhe m\u00eb shum\u00eb se Shqip\u00ebria \u00ebsht\u00eb n\u00ebn sundimin e nj\u00eb njeriu t\u00eb s\u00ebmur\u00eb, q\u00eb pasi mori tepsin\u00eb dhe timonin, pasi shkat\u00ebrroi [&hellip;]<\/p>\n","protected":false},"author":2013,"featured_media":60938,"comment_status":"open","ping_status":"closed","sticky":false,"template":"","format":"standard","meta":{"footnotes":""},"categories":[241,235],"tags":[],"class_list":{"0":"post-93948","1":"post","2":"type-post","3":"status-publish","4":"format-standard","5":"has-post-thumbnail","7":"category-aktualitet","8":"category-vendi"},"_links":{"self":[{"href":"https:\/\/zjarr.tv\/sq\/wp-json\/wp\/v2\/posts\/93948","targetHints":{"allow":["GET"]}}],"collection":[{"href":"https:\/\/zjarr.tv\/sq\/wp-json\/wp\/v2\/posts"}],"about":[{"href":"https:\/\/zjarr.tv\/sq\/wp-json\/wp\/v2\/types\/post"}],"author":[{"embeddable":true,"href":"https:\/\/zjarr.tv\/sq\/wp-json\/wp\/v2\/users\/2013"}],"replies":[{"embeddable":true,"href":"https:\/\/zjarr.tv\/sq\/wp-json\/wp\/v2\/comments?post=93948"}],"version-history":[{"count":0,"href":"https:\/\/zjarr.tv\/sq\/wp-json\/wp\/v2\/posts\/93948\/revisions"}],"wp:featuredmedia":[{"embeddable":true,"href":"https:\/\/zjarr.tv\/sq\/wp-json\/wp\/v2\/media\/60938"}],"wp:attachment":[{"href":"https:\/\/zjarr.tv\/sq\/wp-json\/wp\/v2\/media?parent=93948"}],"wp:term":[{"taxonomy":"category","embeddable":true,"href":"https:\/\/zjarr.tv\/sq\/wp-json\/wp\/v2\/categories?post=93948"},{"taxonomy":"post_tag","embeddable":true,"href":"https:\/\/zjarr.tv\/sq\/wp-json\/wp\/v2\/tags?post=93948"}],"curies":[{"name":"wp","href":"https:\/\/api.w.org\/{rel}","templated":true}]}}