{"id":94225,"date":"2019-07-03T18:13:34","date_gmt":"2019-07-03T16:13:34","guid":{"rendered":"https:\/\/zjarr.tv\/?p=94225"},"modified":"2019-07-03T18:13:34","modified_gmt":"2019-07-03T16:13:34","slug":"mziu-i-vendosur-per-te-mos-liruar-zyren-eshte-vendim-i-85-te-shqiptareve","status":"publish","type":"post","link":"https:\/\/zjarr.tv\/sq\/mziu-i-vendosur-per-te-mos-liruar-zyren-eshte-vendim-i-85-te-shqiptareve\/","title":{"rendered":"Mziu i vendosur p\u00ebr t\u00eb mos liruar zyr\u00ebn: \u00cbsht\u00eb vendim i 85% t\u00eb shqiptar\u00ebve"},"content":{"rendered":"<p>Xhelal Mziu mbetet i vendosur p\u00ebr t\u00eb mos liruar zyr\u00ebn e bashkis\u00eb s\u00eb Kamz\u00ebs, n\u00eb t\u00eb cil\u00ebn \u00ebsht\u00eb shpallur fitues n\u00eb zgjedhjet e 30 qershorit Rakip Suli i Partis\u00eb Socialiste.<\/p>\n<p>Pas daljes nga takimi me kreun e PD-s\u00eb Lulzim Basha n\u00eb selin\u00eb blu, Mziu pati k\u00ebt\u00eb koment p\u00ebr median.<\/p>\n<p><strong><em>Pyetje:\u00a0<\/em><\/strong><em>Edhe n\u00ebse jua k\u00ebrkon Lulzim Basha nuk do t\u00eb dilni nga zyra?<\/em><\/p>\n<p><em>Mziu:\u00a0Nuk ka lidhje Lulzim Basha. Ne interpretojm\u00eb ligjin dhe kemi lexuar votat popullore. Ky \u00ebsht\u00eb mendimi i shumic\u00ebs s\u00eb shqiptar\u00ebve, 85%.<\/em><\/p>\n<p>Kjo ishte mbledhja e dyt\u00eb e Bash\u00ebs me kryetar\u00ebt e bashkive t\u00eb PD-s\u00eb, pas asaj t\u00eb nj\u00eb dite m\u00eb par\u00eb.<\/p>\n","protected":false},"excerpt":{"rendered":"<p>Xhelal Mziu mbetet i vendosur p\u00ebr t\u00eb mos liruar zyr\u00ebn e bashkis\u00eb s\u00eb Kamz\u00ebs, n\u00eb t\u00eb cil\u00ebn \u00ebsht\u00eb shpallur fitues n\u00eb zgjedhjet e 30 qershorit Rakip Suli i Partis\u00eb Socialiste. Pas daljes nga takimi me kreun e PD-s\u00eb Lulzim Basha n\u00eb selin\u00eb blu, Mziu pati k\u00ebt\u00eb koment p\u00ebr median. Pyetje:\u00a0Edhe n\u00ebse jua k\u00ebrkon Lulzim Basha [&hellip;]<\/p>\n","protected":false},"author":2013,"featured_media":0,"comment_status":"open","ping_status":"closed","sticky":false,"template":"","format":"standard","meta":{"footnotes":""},"categories":[241,235],"tags":[],"class_list":{"0":"post-94225","1":"post","2":"type-post","3":"status-publish","4":"format-standard","6":"category-aktualitet","7":"category-vendi"},"_links":{"self":[{"href":"https:\/\/zjarr.tv\/sq\/wp-json\/wp\/v2\/posts\/94225","targetHints":{"allow":["GET"]}}],"collection":[{"href":"https:\/\/zjarr.tv\/sq\/wp-json\/wp\/v2\/posts"}],"about":[{"href":"https:\/\/zjarr.tv\/sq\/wp-json\/wp\/v2\/types\/post"}],"author":[{"embeddable":true,"href":"https:\/\/zjarr.tv\/sq\/wp-json\/wp\/v2\/users\/2013"}],"replies":[{"embeddable":true,"href":"https:\/\/zjarr.tv\/sq\/wp-json\/wp\/v2\/comments?post=94225"}],"version-history":[{"count":0,"href":"https:\/\/zjarr.tv\/sq\/wp-json\/wp\/v2\/posts\/94225\/revisions"}],"wp:attachment":[{"href":"https:\/\/zjarr.tv\/sq\/wp-json\/wp\/v2\/media?parent=94225"}],"wp:term":[{"taxonomy":"category","embeddable":true,"href":"https:\/\/zjarr.tv\/sq\/wp-json\/wp\/v2\/categories?post=94225"},{"taxonomy":"post_tag","embeddable":true,"href":"https:\/\/zjarr.tv\/sq\/wp-json\/wp\/v2\/tags?post=94225"}],"curies":[{"name":"wp","href":"https:\/\/api.w.org\/{rel}","templated":true}]}}