{"id":94240,"date":"2019-07-03T18:59:55","date_gmt":"2019-07-03T16:59:55","guid":{"rendered":"https:\/\/zjarr.tv\/?p=94240"},"modified":"2019-07-03T18:59:55","modified_gmt":"2019-07-03T16:59:55","slug":"pampuri-komisioni-qendror-i-vjedhjeve-legjitimoi-farsen-e-edi-rames","status":"publish","type":"post","link":"https:\/\/zjarr.tv\/sq\/pampuri-komisioni-qendror-i-vjedhjeve-legjitimoi-farsen-e-edi-rames\/","title":{"rendered":"Pampuri: \u2018Komisioni Qendror i Vjedhjeve legjitimoi fars\u00ebn e Edi Ram\u00ebs\u2019"},"content":{"rendered":"<p>Ish-deputetja e Partis\u00eb Demokratike, Oriola Pampuri nga studio e Fax Ne\u00ebs, tha se Komisioni Qendror i Vjedhjeve legjitimoi vjedhjen e votave n\u00eb votimet e fundi moniste.<\/p>\n<p>\u201cK\u00ebto zgjedhje p\u00ebr ne jan\u00eb ilegjitime p\u00ebr sa koh\u00eb nuk ka asnj\u00eb ligj n\u00eb t\u00eb cilin t\u00eb bazohen. P\u00ebr sa koh\u00eb n\u00eb k\u00ebt\u00eb vend mbizot\u00ebron ilegjitimiteti, nuk mund t\u00eb ket\u00eb stabilitet. \u00c7far\u00eb do t\u00eb thot\u00eb stabilitet? Presidenti mori nj\u00eb hap me t\u00eb cilin dekretoi dat\u00ebn e re p\u00ebr zgjedhjet dhe ky vendim u botua n\u00eb fletoren zyrtare, por Edi Rama nuk pyeti. I b\u00ebri zgjedhjet vet\u00eb, i num\u00ebroi vet\u00eb. Ai c\u00ebnoi zgjedhjet dhe kjo do t\u00eb thot\u00eb t\u00eb dhunosh demokracin\u00eb dhe Kushtetut\u00ebn me t\u00eb dyja k\u00ebmb\u00ebt\u201d, tha Pampuri.<\/p>\n<p>E pyetur n\u00ebse do ti b\u00ebnte thirrje elektoratit me 13 tetor q\u00eb t\u00eb shkonte n\u00eb votime, Pampuri tha se nuk \u00ebsht\u00eb ky q\u00ebllimi i opozit\u00ebs<\/p>\n<p>\u201cBraktisja e Edi Ram\u00ebs nga 85% e shqiptar\u00ebve \u00ebsht\u00eb mesazh i qart\u00eb, por nuk ka qen\u00eb kauza jon\u00eb, p\u00ebr t\u00eb ftuar qytetar\u00ebt n\u00eb zgjedhje n\u00eb k\u00ebt\u00eb dat\u00eb. Apeli dhe misioni jon\u00eb kan\u00eb qen\u00eb zgjedhjet e lira dhe t\u00eb ndershme, largimin e krimit nga politika dhe kjo b\u00ebhet me largiminEdi Ram\u00ebs.<\/p>\n<p>Mendoni q\u00eb nj\u00eb person q\u00eb mendon se do t\u00eb ket\u00eb gjith\u00e7ka! N\u00eb demokraci pushtetet ndahen nuk ka dikush gjith\u00e7ka. Rama do t\u00eb vendos nj\u00eb regjim t\u00eb till\u00eb, ai mund t\u00eb k\u00ebrkoj\u00eb edhe rikthimin e regjimit dhe diktatur\u00ebs por ne nuk do ta lejojm\u00eb k\u00ebt\u00eb\u201d.<\/p>\n<p>Konstatimi nga procesi i num\u00ebrimit se kan\u00eb dal\u00eb m\u00eb shum\u00eb vota se sa numri i qytetar\u00ebve q\u00eb kan\u00eb votuar:<\/p>\n<p>\u201cKQZ, i cili meriton t\u00eb quhet Komisioni Q\u00ebndror i Vjedhjeve sepse ka b\u00ebr\u00eb ndryshime n\u00eb deklaratat p\u00ebr pjesmarrjen n\u00eb zgjedhje. Me shum\u00eb mundim provohet se kan\u00eb marr\u00eb pjes\u00eb rreth 15% e shqiptar\u00ebve n\u00eb zgjedhje nd\u00ebrsa KQZ g\u00ebnjen duke th\u00ebn\u00eb se kan\u00eb marr\u00eb pjes\u00eb rreth 22%. Un\u00eb kam v\u00ebzhguar vet\u00eb at\u00eb dit\u00eb procesin e votimit, absolutisht nuk ka patur asnj\u00eb presion p\u00ebr t\u00eb mos votuar, kishte zbraz\u00ebti t\u00eb qendrave t\u00eb votimit. Deri n\u00eb or\u00ebn 18:00 k\u00ebshtu ka ndodhur por pas k\u00ebsaj ore, duke par\u00eb pjesmarrjen e ul\u00ebt jan\u00eb urdh\u00ebruar komisioner\u00ebt q\u00eb t\u00eb mbushin kutit\u00eb.<\/p>\n<p>Sot Edi Rama e ka humbur besimin dhe sot e mbajn\u00eb n\u00eb k\u00ebmb\u00eb ata q\u00eb e lidhin interest financiare, askush m\u00eb nuk ka snj\u00eb shpres\u00eb tek ai\u201d, tha Pampuri<\/p>\n<p>Nd\u00ebrkoh\u00eb, Pampuri \u00ebsht\u00eb nd\u00ebr t\u00eb par\u00ebt z\u00ebra brenda opozit\u00ebs q\u00eb \u00ebsht\u00eb shprehur se opozita do t\u00eb pres vendimin e Gjykat\u00ebs Kushtetuese por shtoi se kjo nuk \u00ebsht\u00eb rruga e vetme \u00eb do t\u00eb ndiqet.<\/p>\n<p>\u201cNe do t\u00eb ndjekim t\u00eb gjitha hapat e r\u00ebnd\u00ebsish\u00ebm p\u00ebr t\u00eb faktuar ilegjitimitetin e zgjedhjeve. Patjet\u00ebr q\u00eb do t\u00eb presim edhe vendimin e Gjykat\u00ebs Kushtetuese. Por e them s\u00ebrish se kryetar\u00ebt e bashkive deri n\u00eb zgjidhjen e k\u00ebtij ng\u00ebr\u00e7i do t\u00eb q\u00ebndrojn\u00eb n\u00eb zyr\u00ebn e tyre sepse nuk mund t\u00eb z\u00ebvend\u00ebsohen ata q\u00eb jan\u00eb zgjedhur n\u00eb m\u00ebnyr\u00eb demokrtike me disa q\u00eb jan\u00eb zgjedhur n\u00eb m\u00ebnyr\u00eb komuniste\u201d.<\/p>\n<p>Si do t\u00eb pengohet kjo me ardhjen e kryebashkiak\u00ebve t\u00eb rinj?<\/p>\n<p>\u201cK\u00ebto dit\u00eb kan\u00eb qen\u00eb intensive ku jan\u00eb mbledhur faktet p\u00ebr manipulimin e zgjedhjeve n\u00eb m\u00ebnyra t\u00eb ndryshme. Nuk mundet nj\u00eb kry\u00ebetar bashkie q\u00eb \u00ebsht\u00eb votuar nga 2000 persona dhe nj\u00eb mij\u00eb t\u00eb tjera duke mbushur kutit\u00eb, me dik\u00eb q\u00eb \u00ebsht\u00eb zgjedhur n\u00eb m\u00ebnyr\u00eb demokratike nga zgjedh\u00ebsit, kjo nuk do t\u00eb ndodh dhe ne nuk do mundemi ta lejojm\u00eb k\u00ebt\u00eb\u201d.<\/p>\n<p>Lidhur me q\u00ebndrimet e nd\u00ebrkomb\u00ebtar\u00ebve, Pampuri tha se: \u201cKa ardhur koha q\u00eb zgjidhjen e kriz\u00ebs ta gjejm\u00eb brenda nesh, dhe nd\u00ebrkomb\u00ebtar\u00ebt kan\u00eb shprehur q\u00ebndrimet q\u00eb kemi mbajtur edhe ne p\u00ebr procesin\u201d.<\/p>\n<p>E pyetur se si duhet t\u00eb lexohen votat e pavlefshme, Pampuri tha se: \u201cDuhet t\u00eb lexohen si q\u00ebndrime kund\u00ebr qeveris\u00eb. Prevalonte fjalia \u201cm\u00eb detyruan\u201d. Ato lexohen dhe jan\u00eb vota kund\u00ebr jo m\u00eb shuplaka por grushta ndaj nj\u00eb pushteti q\u00eb abuzoi n\u00eb kurriz t\u00eb qytetar\u00ebve\u201d.<\/p>\n<p>&nbsp;<\/p>\n","protected":false},"excerpt":{"rendered":"<p>Ish-deputetja e Partis\u00eb Demokratike, Oriola Pampuri nga studio e Fax Ne\u00ebs, tha se Komisioni Qendror i Vjedhjeve legjitimoi vjedhjen e votave n\u00eb votimet e fundi moniste. \u201cK\u00ebto zgjedhje p\u00ebr ne jan\u00eb ilegjitime p\u00ebr sa koh\u00eb nuk ka asnj\u00eb ligj n\u00eb t\u00eb cilin t\u00eb bazohen. P\u00ebr sa koh\u00eb n\u00eb k\u00ebt\u00eb vend mbizot\u00ebron ilegjitimiteti, nuk mund t\u00eb [&hellip;]<\/p>\n","protected":false},"author":2013,"featured_media":67969,"comment_status":"open","ping_status":"closed","sticky":false,"template":"","format":"standard","meta":{"footnotes":""},"categories":[241,235],"tags":[],"class_list":{"0":"post-94240","1":"post","2":"type-post","3":"status-publish","4":"format-standard","5":"has-post-thumbnail","7":"category-aktualitet","8":"category-vendi"},"_links":{"self":[{"href":"https:\/\/zjarr.tv\/sq\/wp-json\/wp\/v2\/posts\/94240","targetHints":{"allow":["GET"]}}],"collection":[{"href":"https:\/\/zjarr.tv\/sq\/wp-json\/wp\/v2\/posts"}],"about":[{"href":"https:\/\/zjarr.tv\/sq\/wp-json\/wp\/v2\/types\/post"}],"author":[{"embeddable":true,"href":"https:\/\/zjarr.tv\/sq\/wp-json\/wp\/v2\/users\/2013"}],"replies":[{"embeddable":true,"href":"https:\/\/zjarr.tv\/sq\/wp-json\/wp\/v2\/comments?post=94240"}],"version-history":[{"count":0,"href":"https:\/\/zjarr.tv\/sq\/wp-json\/wp\/v2\/posts\/94240\/revisions"}],"wp:featuredmedia":[{"embeddable":true,"href":"https:\/\/zjarr.tv\/sq\/wp-json\/wp\/v2\/media\/67969"}],"wp:attachment":[{"href":"https:\/\/zjarr.tv\/sq\/wp-json\/wp\/v2\/media?parent=94240"}],"wp:term":[{"taxonomy":"category","embeddable":true,"href":"https:\/\/zjarr.tv\/sq\/wp-json\/wp\/v2\/categories?post=94240"},{"taxonomy":"post_tag","embeddable":true,"href":"https:\/\/zjarr.tv\/sq\/wp-json\/wp\/v2\/tags?post=94240"}],"curies":[{"name":"wp","href":"https:\/\/api.w.org\/{rel}","templated":true}]}}