{"id":94768,"date":"2019-07-07T16:42:01","date_gmt":"2019-07-07T14:42:01","guid":{"rendered":"https:\/\/zjarr.tv\/?p=94768"},"modified":"2019-07-07T16:42:01","modified_gmt":"2019-07-07T14:42:01","slug":"perplasen-makinat-ne-korce-shpetojne-mrekullisht-tre-femije","status":"publish","type":"post","link":"https:\/\/zjarr.tv\/sq\/perplasen-makinat-ne-korce-shpetojne-mrekullisht-tre-femije\/","title":{"rendered":"P\u00ebrplasen makinat n\u00eb Kor\u00e7\u00eb, shp\u00ebtojn\u00eb mrekullisht tre f\u00ebmij\u00eb"},"content":{"rendered":"<p>Dy makina jan\u00eb p\u00ebrplasur sot n\u00eb qytetin e Kor\u00e7\u00ebs. Nga t\u00eb dh\u00ebnat e para nuk raportohet p\u00ebr persona t\u00eb l\u00ebnduar, por vet\u00ebm d\u00ebme materiale.<\/p>\n<p>Sipas News 24, n\u00eb nj\u00ebr\u00ebn prej mjeteve ishin tre f\u00ebmij\u00eb t\u00eb vegj\u00ebl, t\u00eb cil\u00ebt fatmir\u00ebsisht nuk kan\u00eb marr\u00eb l\u00ebndime, por kan\u00eb p\u00ebsuar tronditje psikologjike.<\/p>\n<p>Mjetet e p\u00ebrfshira n\u00eb aksident \u00a0n\u00eb qytetin e Kor\u00e7\u00ebs\u00a0 rezulton t\u00eb jen\u00eb nj\u00ebra \u201cFord\u201d dhe tjetra tip \u201cAudi\u201d.Policia dhe grupi hetimor kan\u00eb shkuar n\u00eb vendin e ngjarjes dhe po punojn\u00eb p\u00ebr zbardhjen e rrethanave, t\u00eb cilat \u00e7uan n\u00eb p\u00ebrplasen e tyre.<\/p>\n<p>&nbsp;<\/p>\n","protected":false},"excerpt":{"rendered":"<p>Dy makina jan\u00eb p\u00ebrplasur sot n\u00eb qytetin e Kor\u00e7\u00ebs. Nga t\u00eb dh\u00ebnat e para nuk raportohet p\u00ebr persona t\u00eb l\u00ebnduar, por vet\u00ebm d\u00ebme materiale. Sipas News 24, n\u00eb nj\u00ebr\u00ebn prej mjeteve ishin tre f\u00ebmij\u00eb t\u00eb vegj\u00ebl, t\u00eb cil\u00ebt fatmir\u00ebsisht nuk kan\u00eb marr\u00eb l\u00ebndime, por kan\u00eb p\u00ebsuar tronditje psikologjike. Mjetet e p\u00ebrfshira n\u00eb aksident \u00a0n\u00eb qytetin [&hellip;]<\/p>\n","protected":false},"author":2013,"featured_media":66936,"comment_status":"open","ping_status":"closed","sticky":false,"template":"","format":"standard","meta":{"footnotes":""},"categories":[241,235],"tags":[],"class_list":{"0":"post-94768","1":"post","2":"type-post","3":"status-publish","4":"format-standard","5":"has-post-thumbnail","7":"category-aktualitet","8":"category-vendi"},"_links":{"self":[{"href":"https:\/\/zjarr.tv\/sq\/wp-json\/wp\/v2\/posts\/94768","targetHints":{"allow":["GET"]}}],"collection":[{"href":"https:\/\/zjarr.tv\/sq\/wp-json\/wp\/v2\/posts"}],"about":[{"href":"https:\/\/zjarr.tv\/sq\/wp-json\/wp\/v2\/types\/post"}],"author":[{"embeddable":true,"href":"https:\/\/zjarr.tv\/sq\/wp-json\/wp\/v2\/users\/2013"}],"replies":[{"embeddable":true,"href":"https:\/\/zjarr.tv\/sq\/wp-json\/wp\/v2\/comments?post=94768"}],"version-history":[{"count":0,"href":"https:\/\/zjarr.tv\/sq\/wp-json\/wp\/v2\/posts\/94768\/revisions"}],"wp:featuredmedia":[{"embeddable":true,"href":"https:\/\/zjarr.tv\/sq\/wp-json\/wp\/v2\/media\/66936"}],"wp:attachment":[{"href":"https:\/\/zjarr.tv\/sq\/wp-json\/wp\/v2\/media?parent=94768"}],"wp:term":[{"taxonomy":"category","embeddable":true,"href":"https:\/\/zjarr.tv\/sq\/wp-json\/wp\/v2\/categories?post=94768"},{"taxonomy":"post_tag","embeddable":true,"href":"https:\/\/zjarr.tv\/sq\/wp-json\/wp\/v2\/tags?post=94768"}],"curies":[{"name":"wp","href":"https:\/\/api.w.org\/{rel}","templated":true}]}}