{"id":94907,"date":"2019-07-08T15:19:34","date_gmt":"2019-07-08T13:19:34","guid":{"rendered":"https:\/\/zjarr.tv\/?p=94907"},"modified":"2019-07-08T15:19:34","modified_gmt":"2019-07-08T13:19:34","slug":"berisha-super-cunami-po-afron-kakistokracia-po-dridhet-rama-ik","status":"publish","type":"post","link":"https:\/\/zjarr.tv\/sq\/berisha-super-cunami-po-afron-kakistokracia-po-dridhet-rama-ik\/","title":{"rendered":"Berisha: Super cunami po afron, kakistokracia po dridhet! Rama ik!"},"content":{"rendered":"<p>\u201cSuper cunami po afron, kakistokracia po dridhet! Rama ik! Fitore!\u201d Ky \u00ebsht\u00eb paralajm\u00ebrimi i fort\u00eb q\u00eb ka b\u00ebr\u00eb sot, ish-kryeministri Sali Berisha, p\u00ebr protest\u00ebn komb\u00ebtare q\u00eb do t\u00eb nis\u00eb n\u00eb Tiran\u00eb n\u00eb or\u00ebn 20:00.<br \/>\nNisur nga forca dhe shtimi n\u00eb vazhdim\u00ebsi i numrit t\u00eb pjes\u00ebmarr\u00ebsve n\u00eb protestat e fundit t\u00eb opozit\u00ebs s\u00eb bashkuar, nisur nga pasurimi i sloganeve, thirrjeve, mesazheve dhe or\u00ebve t\u00eb q\u00ebndres\u00ebs n\u00eb secil\u00ebn prej tyre, Berisha e ka shprehur pas asnj\u00eb rezerv\u00eb bindjen e tij se k\u00ebt\u00eb radh\u00eb b\u00ebhet fjal\u00eb p\u00ebr nj\u00eb \u201csuper cunam\u201d q\u00eb do t\u00eb k\u00ebrkoj\u00eb largimin nga qeverisja t\u00eb kryeministrit Edi Rama.<br \/>\nSh\u00ebnimin e tij Berisha e ka shoq\u00ebruar me videomesazhin e sotsh\u00ebm t\u00eb Partis\u00eb Demokratike n\u00eb t\u00eb cilin thuhet:<br \/>\nArroganc\u00ebs dhe shp\u00ebrfilljes, ju p\u00ebrgjigj\u00ebm me refuzim.<br \/>\nPadrejt\u00ebsis\u00eb do t\u2019i p\u00ebrgjigjemi me q\u00ebndres\u00eb.<br \/>\nPamund\u00ebsin\u00eb, varf\u00ebrin\u00eb, papun\u00ebsin\u00eb nuk do t\u2019ua l\u00ebm\u00eb trash\u00ebgim f\u00ebmij\u00ebve.<br \/>\nNe treguam se jemi m\u00eb t\u00eb fort\u00eb se e keqja.<br \/>\nNe duam nj\u00eb t\u00eb ardhme me mund\u00ebsi p\u00ebr t\u00eb gjith\u00eb.<br \/>\nBashk\u00eb p\u00ebr t\u00eb ardhmen, bashk\u00eb p\u00ebr Shqip\u00ebrin\u00eb.<\/p>\n","protected":false},"excerpt":{"rendered":"<p>\u201cSuper cunami po afron, kakistokracia po dridhet! Rama ik! Fitore!\u201d Ky \u00ebsht\u00eb paralajm\u00ebrimi i fort\u00eb q\u00eb ka b\u00ebr\u00eb sot, ish-kryeministri Sali Berisha, p\u00ebr protest\u00ebn komb\u00ebtare q\u00eb do t\u00eb nis\u00eb n\u00eb Tiran\u00eb n\u00eb or\u00ebn 20:00. Nisur nga forca dhe shtimi n\u00eb vazhdim\u00ebsi i numrit t\u00eb pjes\u00ebmarr\u00ebsve n\u00eb protestat e fundit t\u00eb opozit\u00ebs s\u00eb bashkuar, nisur nga [&hellip;]<\/p>\n","protected":false},"author":2013,"featured_media":67154,"comment_status":"open","ping_status":"closed","sticky":false,"template":"","format":"standard","meta":{"footnotes":""},"categories":[241,235],"tags":[],"class_list":{"0":"post-94907","1":"post","2":"type-post","3":"status-publish","4":"format-standard","5":"has-post-thumbnail","7":"category-aktualitet","8":"category-vendi"},"_links":{"self":[{"href":"https:\/\/zjarr.tv\/sq\/wp-json\/wp\/v2\/posts\/94907","targetHints":{"allow":["GET"]}}],"collection":[{"href":"https:\/\/zjarr.tv\/sq\/wp-json\/wp\/v2\/posts"}],"about":[{"href":"https:\/\/zjarr.tv\/sq\/wp-json\/wp\/v2\/types\/post"}],"author":[{"embeddable":true,"href":"https:\/\/zjarr.tv\/sq\/wp-json\/wp\/v2\/users\/2013"}],"replies":[{"embeddable":true,"href":"https:\/\/zjarr.tv\/sq\/wp-json\/wp\/v2\/comments?post=94907"}],"version-history":[{"count":0,"href":"https:\/\/zjarr.tv\/sq\/wp-json\/wp\/v2\/posts\/94907\/revisions"}],"wp:featuredmedia":[{"embeddable":true,"href":"https:\/\/zjarr.tv\/sq\/wp-json\/wp\/v2\/media\/67154"}],"wp:attachment":[{"href":"https:\/\/zjarr.tv\/sq\/wp-json\/wp\/v2\/media?parent=94907"}],"wp:term":[{"taxonomy":"category","embeddable":true,"href":"https:\/\/zjarr.tv\/sq\/wp-json\/wp\/v2\/categories?post=94907"},{"taxonomy":"post_tag","embeddable":true,"href":"https:\/\/zjarr.tv\/sq\/wp-json\/wp\/v2\/tags?post=94907"}],"curies":[{"name":"wp","href":"https:\/\/api.w.org\/{rel}","templated":true}]}}