{"id":94910,"date":"2019-07-08T15:21:44","date_gmt":"2019-07-08T13:21:44","guid":{"rendered":"https:\/\/zjarr.tv\/?p=94910"},"modified":"2019-07-08T15:21:44","modified_gmt":"2019-07-08T13:21:44","slug":"pampuri-edi-rama-po-zhyt-shqiptaret-ne-varferi","status":"publish","type":"post","link":"https:\/\/zjarr.tv\/sq\/pampuri-edi-rama-po-zhyt-shqiptaret-ne-varferi\/","title":{"rendered":"Pampuri: Edi Rama po zhyt shqiptar\u00ebt n\u00eb varf\u00ebri"},"content":{"rendered":"<p>Ish deputetja demokrate Orjola Pampuri ka dh\u00ebn\u00eb nj\u00eb deklarat\u00eb p\u00ebr mediat n\u00eb selin\u00eb e Partis\u00eb Demokratike.<\/p>\n<p>\u201cShqiptar\u00ebt jan\u00eb \u00e7do vit m\u00eb t\u00eb varf\u00ebr me Edi ram\u00ebn. 31% e familjeve n\u00eb Shqip\u00ebri nuk sigurojn\u00eb dot buk\u00ebn e p\u00ebrditshme, veshjet dhe nevojat baz\u00eb\u201d, tha ajo.<\/p>\n<p>\u201cSkamja \u00ebsht\u00eb rritur 6% n\u00eb krahasim me 1 vit m\u00eb par\u00eb. Papun\u00ebsia, situata e keqe ekonomike, korrupsioni, krimi dhe emigracioni problemet kryesore t\u00eb vendit\u201d.<\/p>\n<p>\u201cT\u00eb gjith\u00eb bashk\u00eb me familjet tona n\u00eb protest\u00ebn e or\u00ebs 20.00. Shqiptar\u00ebt meritojn\u00eb zgjedhje t\u00eb lira dhe nj\u00eb qeveri q\u00eb punon p\u00ebr mir\u00ebqenien dhe pun\u00ebismin e tyre\u201d vijoi m\u00eb posht\u00eb Pampuri.<\/p>\n<p>DEKLARAT\u00cb PARTIA DEMOKRATIKE, ORJOLA PAMPURI<\/p>\n<p>Shqip\u00ebria \u00ebsht\u00eb i vetmi vend n\u00eb Ballkan, qytetar\u00ebt e t\u00eb cilit vazhdojn\u00eb t\u00eb varf\u00ebrohen n\u00eb m\u00ebnyr\u00eb t\u00eb pandalshme.<\/p>\n<p>Nj\u00eb anketim i Barometrit t\u00eb Ballkanit tregon se gjendja e ekonomis\u00eb n\u00eb familjet shqiptare po p\u00ebrkeq\u00ebsohet nga viti n\u00eb vit dhe se me qeverin\u00eb e Edi Ram\u00ebs 1\/3 e shqiptar\u00ebve nuk mund t\u00eb mbyllin dot muajin. Th\u00ebn\u00eb ndryshe, 31 p\u00ebrqind e familjeve n\u00eb Shqip\u00ebri nuk sigurojn\u00eb dot buk\u00ebn e p\u00ebrditshme, veshjet dhe nevojat baz\u00eb.<\/p>\n<p>Asnj\u00eb nga vendet e tjera n\u00eb rajon nuk ka k\u00ebt\u00eb nivel skamjeje, e cila p\u00ebr Shqip\u00ebrin\u00eb \u00ebsht\u00eb gati dy her\u00eb m\u00eb e lart\u00eb se mesatarja e rajonit.<\/p>\n<p>\u00c7far\u00eb e b\u00ebn edhe m\u00eb t\u00eb r\u00ebnd\u00eb gjendjen \u00ebsht\u00eb p\u00ebrkeq\u00ebsimi i ekonomis\u00eb familjare dhe rritja e frikshme e numrit t\u00eb familjeve q\u00eb nuk p\u00ebrballojn\u00eb dot nevojat baz\u00eb p\u00ebr jet\u00ebn.<\/p>\n<p>Treguesi i rritjes s\u00eb varf\u00ebris\u00eb dhe skamjes \u00ebsht\u00eb simboli i qeveris\u00eb s\u00eb Edi Ram\u00ebs. Brenda 12 muajsh ata q\u00eb nuk kan\u00eb buk\u00eb t\u00eb han\u00eb apo t\u00eb sigurojn\u00eb veshje p\u00ebr f\u00ebmij\u00ebt e tyre \u00ebsht\u00eb rritur me 6 p\u00ebrqind.<\/p>\n<p>Mbi 65 p\u00ebrqind e familjeve shqiptare nuk kan\u00eb t\u00eb ardhura p\u00ebr t\u00eb p\u00ebrballuar as dhe nj\u00eb jav\u00eb pushime.<\/p>\n<p>Anketa e Barometrit t\u00eb Ballkanit nxjerr n\u00eb pah se problemet kryesore t\u00eb shoq\u00ebris\u00eb shqiptare jan\u00eb papun\u00ebsia, situata e keqe ekonomike, korrupsioni, krimi dhe emigracioni. K\u00ebto jan\u00eb 5 fusha ku qeveria e Edi Ram\u00ebs ka d\u00ebshtuar plot\u00ebsisht.<\/p>\n<p>Zhytja e shqiptar\u00ebve n\u00eb varf\u00ebri nga vitit n\u00eb vit, pasurimi i vet dhe i nj\u00eb grushti njer\u00ebzish pran\u00eb tij me projekte korruptive, me taksa t\u00eb larta, me vjedhje dhe grabitje t\u00eb pasurive t\u00eb vendit, jan\u00eb arsyeja kryesore pse 85% e shqiptar\u00ebve e refuzuan Edi Ram\u00ebn n\u00eb 30 Qershor.<\/p>\n<p>Pas 6 vjet\u00ebsh keqqeverisjeje, shqiptar\u00ebt e kan\u00eb tani t\u00eb qart\u00eb se Edi Rama nuk ndjen asnj\u00eb detyrim p\u00ebr ta, pasi pushtetin e ka bler\u00eb me krimin dhe parat\u00eb e korrupsionit.<\/p>\n<p>Sot shqiptar\u00ebve u duhet nj\u00eb qeveri e popullit, nga populli dhe p\u00ebr popullin. K\u00ebt\u00eb e mund\u00ebson vet\u00ebm vota e lir\u00eb, por me Edi Ram\u00ebn nuk ka zgjedhje t\u00eb lira dhe t\u00eb ndershme. Si\u00e7 d\u00ebshmoi n\u00eb fars\u00ebn ilegjitime dhe antikushtetuese t\u00eb 30 Qershorit, Edi Rama edhe kur \u00ebsht\u00eb vet\u00eb votues, vet\u00eb num\u00ebrues, vet\u00eb \u00e7ertifikues, nuk b\u00ebn dot zgjedhje pa i vjedhur ato.<\/p>\n<p>\u00cbsht\u00eb n\u00eb interesin ton\u00eb m\u00eb t\u00eb mi\u00eb, t\u00eb tregojm\u00eb se jemi t\u00eb vendosur t\u2019i shkojm\u00eb deri n\u00eb fund betej\u00ebs son\u00eb europiane p\u00ebr zgjedhje t\u00eb lira e t\u00eb ndershme, p\u00ebr nj\u00eb qeveri q\u00eb punon p\u00ebr mirqenien e shqiptar\u00ebve dhe pun\u00ebsimin e tyre.<\/p>\n<p>T\u00eb jemi t\u00eb gjith\u00eb bashk\u00eb n\u00eb or\u00ebn 20.00 n\u00eb Tiran\u00eb, bashk\u00eb me familjet tona n\u00eb rrug\u00ebtimin ton\u00eb plot shpres\u00eb p\u00ebr Shqip\u00ebrin\u00eb e mund\u00ebsive, p\u00ebr #Shqip\u00ebrin\u00eb si Europa.<\/p>\n<p>&nbsp;<\/p>\n","protected":false},"excerpt":{"rendered":"<p>Ish deputetja demokrate Orjola Pampuri ka dh\u00ebn\u00eb nj\u00eb deklarat\u00eb p\u00ebr mediat n\u00eb selin\u00eb e Partis\u00eb Demokratike. \u201cShqiptar\u00ebt jan\u00eb \u00e7do vit m\u00eb t\u00eb varf\u00ebr me Edi ram\u00ebn. 31% e familjeve n\u00eb Shqip\u00ebri nuk sigurojn\u00eb dot buk\u00ebn e p\u00ebrditshme, veshjet dhe nevojat baz\u00eb\u201d, tha ajo. \u201cSkamja \u00ebsht\u00eb rritur 6% n\u00eb krahasim me 1 vit m\u00eb par\u00eb. Papun\u00ebsia, [&hellip;]<\/p>\n","protected":false},"author":2013,"featured_media":67969,"comment_status":"open","ping_status":"closed","sticky":false,"template":"","format":"standard","meta":{"footnotes":""},"categories":[241,235],"tags":[],"class_list":{"0":"post-94910","1":"post","2":"type-post","3":"status-publish","4":"format-standard","5":"has-post-thumbnail","7":"category-aktualitet","8":"category-vendi"},"_links":{"self":[{"href":"https:\/\/zjarr.tv\/sq\/wp-json\/wp\/v2\/posts\/94910","targetHints":{"allow":["GET"]}}],"collection":[{"href":"https:\/\/zjarr.tv\/sq\/wp-json\/wp\/v2\/posts"}],"about":[{"href":"https:\/\/zjarr.tv\/sq\/wp-json\/wp\/v2\/types\/post"}],"author":[{"embeddable":true,"href":"https:\/\/zjarr.tv\/sq\/wp-json\/wp\/v2\/users\/2013"}],"replies":[{"embeddable":true,"href":"https:\/\/zjarr.tv\/sq\/wp-json\/wp\/v2\/comments?post=94910"}],"version-history":[{"count":0,"href":"https:\/\/zjarr.tv\/sq\/wp-json\/wp\/v2\/posts\/94910\/revisions"}],"wp:featuredmedia":[{"embeddable":true,"href":"https:\/\/zjarr.tv\/sq\/wp-json\/wp\/v2\/media\/67969"}],"wp:attachment":[{"href":"https:\/\/zjarr.tv\/sq\/wp-json\/wp\/v2\/media?parent=94910"}],"wp:term":[{"taxonomy":"category","embeddable":true,"href":"https:\/\/zjarr.tv\/sq\/wp-json\/wp\/v2\/categories?post=94910"},{"taxonomy":"post_tag","embeddable":true,"href":"https:\/\/zjarr.tv\/sq\/wp-json\/wp\/v2\/tags?post=94910"}],"curies":[{"name":"wp","href":"https:\/\/api.w.org\/{rel}","templated":true}]}}