{"id":94912,"date":"2019-07-08T15:23:50","date_gmt":"2019-07-08T13:23:50","guid":{"rendered":"https:\/\/zjarr.tv\/?p=94912"},"modified":"2019-07-08T15:23:50","modified_gmt":"2019-07-08T13:23:50","slug":"altina-xhoxhaj-ne-strasburg-gjykata-5-pyetje-shqiperise-per-ish-gjyqtaren-e-kushtetueses","status":"publish","type":"post","link":"https:\/\/zjarr.tv\/sq\/altina-xhoxhaj-ne-strasburg-gjykata-5-pyetje-shqiperise-per-ish-gjyqtaren-e-kushtetueses\/","title":{"rendered":"Altina Xhoxhaj n\u00eb Strasburg, gjykata 5 pyetje Shqip\u00ebris\u00eb p\u00ebr ish-gjyqtaren e Kushtetueses"},"content":{"rendered":"<p>Ish-an\u00ebtarja e Gjykat\u00ebs Kushtetuese, Altina Xhoxhaj, e cila u shkarkua nga vettingu ka b\u00ebr\u00eb ankes\u00eb n\u00eb Gjykat\u00ebn e Strasburgut.<\/p>\n<p>Kjo e fundit ka pranuar t\u00eb shqyrtoj\u00eb padin\u00eb e Altina Xhoxhajt kund\u00ebr shkarkimit nga KPK dhe KPA.<\/p>\n<p>Pas pranimit t\u00eb padis\u00eb, Gjykata e Strasburgut i drejton Shqip\u00ebris\u00eb pes\u00eb pyetje n\u00eb lidhje me rastin.<\/p>\n<p>Pyetjet e Gjykat\u00ebs s\u00eb Strasburgut i jan\u00eb drejtuar Avokatur\u00ebs s\u00eb Shtetit, e cila p\u00ebrfaq\u00ebson Shqip\u00ebrin\u00eb n\u00eb proces.<\/p>\n<p>Altina Xhoxhaj u shkarkua nga Gjykata Kushtetuese m\u00eb 3 maj 2018 p\u00ebr shkak t\u00eb vettingut.<\/p>\n<p>&nbsp;<\/p>\n","protected":false},"excerpt":{"rendered":"<p>Ish-an\u00ebtarja e Gjykat\u00ebs Kushtetuese, Altina Xhoxhaj, e cila u shkarkua nga vettingu ka b\u00ebr\u00eb ankes\u00eb n\u00eb Gjykat\u00ebn e Strasburgut. Kjo e fundit ka pranuar t\u00eb shqyrtoj\u00eb padin\u00eb e Altina Xhoxhajt kund\u00ebr shkarkimit nga KPK dhe KPA. Pas pranimit t\u00eb padis\u00eb, Gjykata e Strasburgut i drejton Shqip\u00ebris\u00eb pes\u00eb pyetje n\u00eb lidhje me rastin. Pyetjet e Gjykat\u00ebs [&hellip;]<\/p>\n","protected":false},"author":2013,"featured_media":94913,"comment_status":"open","ping_status":"closed","sticky":false,"template":"","format":"standard","meta":{"footnotes":""},"categories":[241,235],"tags":[],"class_list":{"0":"post-94912","1":"post","2":"type-post","3":"status-publish","4":"format-standard","5":"has-post-thumbnail","7":"category-aktualitet","8":"category-vendi"},"_links":{"self":[{"href":"https:\/\/zjarr.tv\/sq\/wp-json\/wp\/v2\/posts\/94912","targetHints":{"allow":["GET"]}}],"collection":[{"href":"https:\/\/zjarr.tv\/sq\/wp-json\/wp\/v2\/posts"}],"about":[{"href":"https:\/\/zjarr.tv\/sq\/wp-json\/wp\/v2\/types\/post"}],"author":[{"embeddable":true,"href":"https:\/\/zjarr.tv\/sq\/wp-json\/wp\/v2\/users\/2013"}],"replies":[{"embeddable":true,"href":"https:\/\/zjarr.tv\/sq\/wp-json\/wp\/v2\/comments?post=94912"}],"version-history":[{"count":0,"href":"https:\/\/zjarr.tv\/sq\/wp-json\/wp\/v2\/posts\/94912\/revisions"}],"wp:featuredmedia":[{"embeddable":true,"href":"https:\/\/zjarr.tv\/sq\/wp-json\/wp\/v2\/media\/94913"}],"wp:attachment":[{"href":"https:\/\/zjarr.tv\/sq\/wp-json\/wp\/v2\/media?parent=94912"}],"wp:term":[{"taxonomy":"category","embeddable":true,"href":"https:\/\/zjarr.tv\/sq\/wp-json\/wp\/v2\/categories?post=94912"},{"taxonomy":"post_tag","embeddable":true,"href":"https:\/\/zjarr.tv\/sq\/wp-json\/wp\/v2\/tags?post=94912"}],"curies":[{"name":"wp","href":"https:\/\/api.w.org\/{rel}","templated":true}]}}