{"id":94945,"date":"2019-07-08T16:11:44","date_gmt":"2019-07-08T14:11:44","guid":{"rendered":"https:\/\/zjarr.tv\/?p=94945"},"modified":"2019-07-08T16:11:44","modified_gmt":"2019-07-08T14:11:44","slug":"agimi-i-arte-mbetet-jashte-parlamentit-grek","status":"publish","type":"post","link":"https:\/\/zjarr.tv\/sq\/agimi-i-arte-mbetet-jashte-parlamentit-grek\/","title":{"rendered":"Agimi i Art\u00eb mbetet jasht\u00eb Parlamentit grek"},"content":{"rendered":"<p>Neo nazist\u00ebt e Agimit t\u00eb Art\u00eb nuk do t\u00eb jen\u00eb n\u00eb parlamentin e Greqis\u00eb. Sipas rezultateve paraprake kjo forc\u00eb politike nuk arrin pragun elektoral prej 3%.<\/p>\n<p>N\u00eb zgjedhjet e t\u00eb diel\u00ebs, Agimi i Arta parashikohet t\u00eb marr\u00eb jo m\u00eb shum\u00eb se 2.96%.<\/p>\n<p>Demokracia e Re e Kyriakos Mitsotakis do t\u00eb siguroj\u00eb 158 vende n\u00eb Parlament. Nd\u00ebrsa SYRIZA e Aleksis Tsipras 86 vende.<\/p>\n<p>L\u00ebvizja p\u00ebr Ndryshim 86 vende, nd\u00ebrsa Partia Komuniste Greke 15 vende n\u00eb Parlament.<\/p>\n<p>10 vende n\u00eb parlamentin grek do ti z\u00ebr\u00eb Zgjidhja Greke dhe 9 nga Fronti Evropian i Mosbindjes Reale.<\/p>\n<p>&nbsp;<\/p>\n","protected":false},"excerpt":{"rendered":"<p>Neo nazist\u00ebt e Agimit t\u00eb Art\u00eb nuk do t\u00eb jen\u00eb n\u00eb parlamentin e Greqis\u00eb. Sipas rezultateve paraprake kjo forc\u00eb politike nuk arrin pragun elektoral prej 3%. N\u00eb zgjedhjet e t\u00eb diel\u00ebs, Agimi i Arta parashikohet t\u00eb marr\u00eb jo m\u00eb shum\u00eb se 2.96%. Demokracia e Re e Kyriakos Mitsotakis do t\u00eb siguroj\u00eb 158 vende n\u00eb Parlament. [&hellip;]<\/p>\n","protected":false},"author":2013,"featured_media":94946,"comment_status":"open","ping_status":"closed","sticky":false,"template":"","format":"standard","meta":{"footnotes":""},"categories":[241,2],"tags":[],"class_list":{"0":"post-94945","1":"post","2":"type-post","3":"status-publish","4":"format-standard","5":"has-post-thumbnail","7":"category-aktualitet","8":"category-rajoni"},"_links":{"self":[{"href":"https:\/\/zjarr.tv\/sq\/wp-json\/wp\/v2\/posts\/94945","targetHints":{"allow":["GET"]}}],"collection":[{"href":"https:\/\/zjarr.tv\/sq\/wp-json\/wp\/v2\/posts"}],"about":[{"href":"https:\/\/zjarr.tv\/sq\/wp-json\/wp\/v2\/types\/post"}],"author":[{"embeddable":true,"href":"https:\/\/zjarr.tv\/sq\/wp-json\/wp\/v2\/users\/2013"}],"replies":[{"embeddable":true,"href":"https:\/\/zjarr.tv\/sq\/wp-json\/wp\/v2\/comments?post=94945"}],"version-history":[{"count":0,"href":"https:\/\/zjarr.tv\/sq\/wp-json\/wp\/v2\/posts\/94945\/revisions"}],"wp:featuredmedia":[{"embeddable":true,"href":"https:\/\/zjarr.tv\/sq\/wp-json\/wp\/v2\/media\/94946"}],"wp:attachment":[{"href":"https:\/\/zjarr.tv\/sq\/wp-json\/wp\/v2\/media?parent=94945"}],"wp:term":[{"taxonomy":"category","embeddable":true,"href":"https:\/\/zjarr.tv\/sq\/wp-json\/wp\/v2\/categories?post=94945"},{"taxonomy":"post_tag","embeddable":true,"href":"https:\/\/zjarr.tv\/sq\/wp-json\/wp\/v2\/tags?post=94945"}],"curies":[{"name":"wp","href":"https:\/\/api.w.org\/{rel}","templated":true}]}}