{"id":94996,"date":"2019-07-08T17:39:49","date_gmt":"2019-07-08T15:39:49","guid":{"rendered":"https:\/\/zjarr.tv\/?p=94996"},"modified":"2019-07-08T17:39:49","modified_gmt":"2019-07-08T15:39:49","slug":"rama-meta-armiqesi-te-eger-me-shumicen-qeverisese","status":"publish","type":"post","link":"https:\/\/zjarr.tv\/sq\/rama-meta-armiqesi-te-eger-me-shumicen-qeverisese\/","title":{"rendered":"Rama: Meta, armiq\u00ebsi t\u00eb eg\u00ebr me shumic\u00ebn qeveris\u00ebse"},"content":{"rendered":"<p>Kryeministri Edi Rama nga foltorja e Kuvendit tha se Presidenti Meta e ka treguar armiq\u00ebsin\u00eb e eg\u00ebr q\u00eb ka ndaj shumic\u00ebs qeveris\u00ebse.<\/p>\n<p><strong>Rama<\/strong>:<em>\u00a0&#8220;Kurr\u00eb mos e ndalo kund\u00ebrshtarin q\u00eb po gabon&#8221; thot\u00eb Napoleon Bonaparti<\/em><\/p>\n<p><em>Sot nuk jemi mbledhur t\u00eb ndalojm\u00eb nj\u00eb kund\u00ebrshtarin \u00a0ton\u00eb.<\/em><\/p>\n<p><em>Si kund\u00ebrshtari i k\u00ebsaj shumice Ilir Meta nuk duhet ndaluar n\u00eb qorrmashrimin e tij vet\u00ebshkat\u00ebrrues sa unikal aq edhe t\u00eb trishtuesh\u00ebm n\u00eb historin\u00eb politike t\u00eb k\u00ebtij vendi.<\/em><\/p>\n<p><em>Politikisht ai na e b\u00ebn m\u00eb t\u00eb leht\u00eb pozicionin ton\u00eb n\u00eb syt\u00eb e popullit. Njer\u00ebzia e shohin krejt lakuriq t\u00eb v\u00ebrtet\u00ebn e armiq\u00ebsis\u00eb s\u00eb eg\u00ebr t\u00eb Ilir Met\u00ebs ndaj shumic\u00ebs ton\u00eb qeveris\u00ebse.<\/em><\/p>\n<p><em>\u00cbsht\u00eb nj\u00eb armiq\u00ebsi e ushqyer nga d\u00ebshp\u00ebrimi prej disfat\u00ebs s\u00eb turpshme t\u00eb planit antikomb\u00ebtar t\u00eb hedhjes n\u00eb er\u00eb t\u00eb zgjedhjeve q\u00eb synonte pengmarrjen e drejt\u00ebsis\u00eb dhe pengimin e celjes s\u00eb negociatave n\u00eb BE.<\/em><\/p>\n<p><em>I kam ndjekur n\u00eb nj\u00eb ndjenj\u00eb m\u00ebshir\u00eb budallall\u00ebqet e fallxhores Monik\u00eb dhe akrobacit\u00eb e artistit Lul, s\u00eb bashku me mufkat e haxhiut Ilir. Q\u00eb nga shfaj\u00ebsimet e hatashme p\u00ebr disfat\u00ebn e tyre \u00a0deri tek faj\u00ebsimet e d\u00ebshp\u00ebruara n\u00eb adres\u00ebn ton\u00eb lidhur me pjes\u00ebmarrjen e ul\u00ebt n\u00eb zgjedhje dhe me raportin paraprak t\u00eb misionit t\u00eb ODIHR.<\/em><\/p>\n<p>&nbsp;<\/p>\n<p>&nbsp;<\/p>\n","protected":false},"excerpt":{"rendered":"<p>Kryeministri Edi Rama nga foltorja e Kuvendit tha se Presidenti Meta e ka treguar armiq\u00ebsin\u00eb e eg\u00ebr q\u00eb ka ndaj shumic\u00ebs qeveris\u00ebse. Rama:\u00a0&#8220;Kurr\u00eb mos e ndalo kund\u00ebrshtarin q\u00eb po gabon&#8221; thot\u00eb Napoleon Bonaparti Sot nuk jemi mbledhur t\u00eb ndalojm\u00eb nj\u00eb kund\u00ebrshtarin \u00a0ton\u00eb. Si kund\u00ebrshtari i k\u00ebsaj shumice Ilir Meta nuk duhet ndaluar n\u00eb qorrmashrimin e [&hellip;]<\/p>\n","protected":false},"author":2013,"featured_media":91282,"comment_status":"open","ping_status":"closed","sticky":false,"template":"","format":"standard","meta":{"footnotes":""},"categories":[241,235],"tags":[],"class_list":{"0":"post-94996","1":"post","2":"type-post","3":"status-publish","4":"format-standard","5":"has-post-thumbnail","7":"category-aktualitet","8":"category-vendi"},"_links":{"self":[{"href":"https:\/\/zjarr.tv\/sq\/wp-json\/wp\/v2\/posts\/94996","targetHints":{"allow":["GET"]}}],"collection":[{"href":"https:\/\/zjarr.tv\/sq\/wp-json\/wp\/v2\/posts"}],"about":[{"href":"https:\/\/zjarr.tv\/sq\/wp-json\/wp\/v2\/types\/post"}],"author":[{"embeddable":true,"href":"https:\/\/zjarr.tv\/sq\/wp-json\/wp\/v2\/users\/2013"}],"replies":[{"embeddable":true,"href":"https:\/\/zjarr.tv\/sq\/wp-json\/wp\/v2\/comments?post=94996"}],"version-history":[{"count":0,"href":"https:\/\/zjarr.tv\/sq\/wp-json\/wp\/v2\/posts\/94996\/revisions"}],"wp:featuredmedia":[{"embeddable":true,"href":"https:\/\/zjarr.tv\/sq\/wp-json\/wp\/v2\/media\/91282"}],"wp:attachment":[{"href":"https:\/\/zjarr.tv\/sq\/wp-json\/wp\/v2\/media?parent=94996"}],"wp:term":[{"taxonomy":"category","embeddable":true,"href":"https:\/\/zjarr.tv\/sq\/wp-json\/wp\/v2\/categories?post=94996"},{"taxonomy":"post_tag","embeddable":true,"href":"https:\/\/zjarr.tv\/sq\/wp-json\/wp\/v2\/tags?post=94996"}],"curies":[{"name":"wp","href":"https:\/\/api.w.org\/{rel}","templated":true}]}}