{"id":95003,"date":"2019-07-08T17:51:58","date_gmt":"2019-07-08T15:51:58","guid":{"rendered":"https:\/\/zjarr.tv\/?p=95003"},"modified":"2019-07-08T17:51:58","modified_gmt":"2019-07-08T15:51:58","slug":"protesta-e-opozites-nisen-drejt-tiranes-3000-mbeshtetes-beratas","status":"publish","type":"post","link":"https:\/\/zjarr.tv\/sq\/protesta-e-opozites-nisen-drejt-tiranes-3000-mbeshtetes-beratas\/","title":{"rendered":"Protesta e opozit\u00ebs, nisen drejt Tiran\u00ebs 3000 mb\u00ebshtet\u00ebs beratas"},"content":{"rendered":"<p>Opozita zhvillon k\u00ebt\u00eb t\u00eb h\u00ebn\u00eb protest\u00ebn e radh\u00ebs komb\u00ebtare ku do t\u00eb k\u00ebrkoj\u00eb largimin e kryeministrit Edi Rama dhe krijimin e nj\u00eb qeverie tranzitore.<\/p>\n<p>Mb\u00ebshtet\u00ebs s\u00eb shumt\u00eb t\u00eb opozit\u00ebs, jan\u00eb nisur nga rrethet me q\u00ebllim q\u00eb t\u2019i bashkohen protet\u00ebs.<\/p>\n<p>K\u00ebshtu rreth 3000 qytetar\u00eb jan\u00eb nisur nga qyteti Beratit n\u00eb drejtim t\u00eb Tiran\u00ebs.<\/p>\n<p>Nd\u00ebrkoh\u00eb q\u00eb kreu demokrat ka k\u00ebrkuar mb\u00ebshtetje masive nga t\u00eb gjitha strukturat n\u00eb k\u00ebt\u00eb protest\u00eb. Ai ka zhvilluar nj\u00eb s\u00ebr\u00eb takimesh gjat\u00eb k\u00ebtyre dit\u00ebve kryesisht, n\u00eb Kavaj\u00eb, Elbasan, Kam\u00ebz, Vor\u00eb e Durr\u00ebs ku ka k\u00ebrkuar nga strukturat angazhim maksimal<\/p>\n<p>&nbsp;<\/p>\n","protected":false},"excerpt":{"rendered":"<p>Opozita zhvillon k\u00ebt\u00eb t\u00eb h\u00ebn\u00eb protest\u00ebn e radh\u00ebs komb\u00ebtare ku do t\u00eb k\u00ebrkoj\u00eb largimin e kryeministrit Edi Rama dhe krijimin e nj\u00eb qeverie tranzitore. Mb\u00ebshtet\u00ebs s\u00eb shumt\u00eb t\u00eb opozit\u00ebs, jan\u00eb nisur nga rrethet me q\u00ebllim q\u00eb t\u2019i bashkohen protet\u00ebs. K\u00ebshtu rreth 3000 qytetar\u00eb jan\u00eb nisur nga qyteti Beratit n\u00eb drejtim t\u00eb Tiran\u00ebs. Nd\u00ebrkoh\u00eb q\u00eb kreu [&hellip;]<\/p>\n","protected":false},"author":2013,"featured_media":95004,"comment_status":"open","ping_status":"closed","sticky":false,"template":"","format":"standard","meta":{"footnotes":""},"categories":[241,235],"tags":[],"class_list":{"0":"post-95003","1":"post","2":"type-post","3":"status-publish","4":"format-standard","5":"has-post-thumbnail","7":"category-aktualitet","8":"category-vendi"},"_links":{"self":[{"href":"https:\/\/zjarr.tv\/sq\/wp-json\/wp\/v2\/posts\/95003","targetHints":{"allow":["GET"]}}],"collection":[{"href":"https:\/\/zjarr.tv\/sq\/wp-json\/wp\/v2\/posts"}],"about":[{"href":"https:\/\/zjarr.tv\/sq\/wp-json\/wp\/v2\/types\/post"}],"author":[{"embeddable":true,"href":"https:\/\/zjarr.tv\/sq\/wp-json\/wp\/v2\/users\/2013"}],"replies":[{"embeddable":true,"href":"https:\/\/zjarr.tv\/sq\/wp-json\/wp\/v2\/comments?post=95003"}],"version-history":[{"count":0,"href":"https:\/\/zjarr.tv\/sq\/wp-json\/wp\/v2\/posts\/95003\/revisions"}],"wp:featuredmedia":[{"embeddable":true,"href":"https:\/\/zjarr.tv\/sq\/wp-json\/wp\/v2\/media\/95004"}],"wp:attachment":[{"href":"https:\/\/zjarr.tv\/sq\/wp-json\/wp\/v2\/media?parent=95003"}],"wp:term":[{"taxonomy":"category","embeddable":true,"href":"https:\/\/zjarr.tv\/sq\/wp-json\/wp\/v2\/categories?post=95003"},{"taxonomy":"post_tag","embeddable":true,"href":"https:\/\/zjarr.tv\/sq\/wp-json\/wp\/v2\/tags?post=95003"}],"curies":[{"name":"wp","href":"https:\/\/api.w.org\/{rel}","templated":true}]}}