{"id":95006,"date":"2019-07-08T17:54:06","date_gmt":"2019-07-08T15:54:06","guid":{"rendered":"https:\/\/zjarr.tv\/?p=95006"},"modified":"2019-07-08T17:54:06","modified_gmt":"2019-07-08T15:54:06","slug":"mijera-protestues-nga-dibra-ne-protesten-e-sotme-para-kryeministrise","status":"publish","type":"post","link":"https:\/\/zjarr.tv\/sq\/mijera-protestues-nga-dibra-ne-protesten-e-sotme-para-kryeministrise\/","title":{"rendered":"Mij\u00ebra protestues nga Dibra n\u00eb protest\u00ebn e sotme para kryeministris\u00eb"},"content":{"rendered":"<p>Mij\u00ebra mb\u00ebshtet\u00ebs t\u00eb opozit\u00ebs jan\u00eb nisur nga qarku i Dibr\u00ebs p\u00ebr t\u00eb marr\u00eb pjes\u00eb n\u00eb protest\u00ebn e sotme.<\/p>\n<p>K\u00ebshtu deklaron Partia Demokratike n\u00eb Dib\u00ebr, e cila thot\u00eb se nga 4 bashkit\u00eb e qarkut jan\u00eb rreth 5000 qytetar\u00eb q\u00eb po i bashkohen protest\u00ebs s\u00eb or\u00ebs 20:00 n\u00eb Tiran\u00eb.<\/p>\n<p>P\u00ebr shkak t\u00eb pikave t\u00eb kontrollit t\u00eb ngritura n\u00eb rrug\u00ebt nacionale, raportohet se protestuesit jan\u00eb nisur q\u00eb nga m\u00ebngjesi i k\u00ebsaj t\u00eb h\u00ebn\u00eb.<\/p>\n<p>&nbsp;<\/p>\n","protected":false},"excerpt":{"rendered":"<p>Mij\u00ebra mb\u00ebshtet\u00ebs t\u00eb opozit\u00ebs jan\u00eb nisur nga qarku i Dibr\u00ebs p\u00ebr t\u00eb marr\u00eb pjes\u00eb n\u00eb protest\u00ebn e sotme. K\u00ebshtu deklaron Partia Demokratike n\u00eb Dib\u00ebr, e cila thot\u00eb se nga 4 bashkit\u00eb e qarkut jan\u00eb rreth 5000 qytetar\u00eb q\u00eb po i bashkohen protest\u00ebs s\u00eb or\u00ebs 20:00 n\u00eb Tiran\u00eb. P\u00ebr shkak t\u00eb pikave t\u00eb kontrollit t\u00eb ngritura [&hellip;]<\/p>\n","protected":false},"author":2013,"featured_media":88765,"comment_status":"open","ping_status":"closed","sticky":false,"template":"","format":"standard","meta":{"footnotes":""},"categories":[241,235],"tags":[],"class_list":{"0":"post-95006","1":"post","2":"type-post","3":"status-publish","4":"format-standard","5":"has-post-thumbnail","7":"category-aktualitet","8":"category-vendi"},"_links":{"self":[{"href":"https:\/\/zjarr.tv\/sq\/wp-json\/wp\/v2\/posts\/95006","targetHints":{"allow":["GET"]}}],"collection":[{"href":"https:\/\/zjarr.tv\/sq\/wp-json\/wp\/v2\/posts"}],"about":[{"href":"https:\/\/zjarr.tv\/sq\/wp-json\/wp\/v2\/types\/post"}],"author":[{"embeddable":true,"href":"https:\/\/zjarr.tv\/sq\/wp-json\/wp\/v2\/users\/2013"}],"replies":[{"embeddable":true,"href":"https:\/\/zjarr.tv\/sq\/wp-json\/wp\/v2\/comments?post=95006"}],"version-history":[{"count":0,"href":"https:\/\/zjarr.tv\/sq\/wp-json\/wp\/v2\/posts\/95006\/revisions"}],"wp:featuredmedia":[{"embeddable":true,"href":"https:\/\/zjarr.tv\/sq\/wp-json\/wp\/v2\/media\/88765"}],"wp:attachment":[{"href":"https:\/\/zjarr.tv\/sq\/wp-json\/wp\/v2\/media?parent=95006"}],"wp:term":[{"taxonomy":"category","embeddable":true,"href":"https:\/\/zjarr.tv\/sq\/wp-json\/wp\/v2\/categories?post=95006"},{"taxonomy":"post_tag","embeddable":true,"href":"https:\/\/zjarr.tv\/sq\/wp-json\/wp\/v2\/tags?post=95006"}],"curies":[{"name":"wp","href":"https:\/\/api.w.org\/{rel}","templated":true}]}}