{"id":95011,"date":"2019-07-08T18:23:59","date_gmt":"2019-07-08T16:23:59","guid":{"rendered":"https:\/\/zjarr.tv\/?p=95011"},"modified":"2019-07-08T18:23:59","modified_gmt":"2019-07-08T16:23:59","slug":"pd-nxjerr-shifrat-ja-sa-protestues-jane-nisur-nga-rrethet","status":"publish","type":"post","link":"https:\/\/zjarr.tv\/sq\/pd-nxjerr-shifrat-ja-sa-protestues-jane-nisur-nga-rrethet\/","title":{"rendered":"PD nxjerr shifrat: Ja sa protestues jan\u00eb nisur nga rrethet"},"content":{"rendered":"<p>Pak or\u00eb para protest\u00ebs s\u00eb dhjet\u00eb komb\u00ebtare t\u00eb opozit\u00ebs, Partia Demokratike ka nxjerr\u00eb shifrat e pjes\u00ebmarr\u00ebsve.<\/p>\n<p>Sipas PD-s\u00eb, jan\u00eb gati 70 mij\u00eb protestues nga rrethet q\u00eb do t\u00eb marrin pjes\u00eb n\u00eb protest\u00ebn e sotme, pa llogaritur Tiran\u00ebn q\u00eb gjithmon\u00eb ka numrin m\u00eb t\u00eb madh.<\/p>\n<p>Kuk\u00ebsi 4600 protestues<br \/>\nShkodra rreth 10 000 protestues<br \/>\nDibra 5 500 protestues<\/p>\n<p>Lezha 7800 protestues<br \/>\nVlora 5800 protestues<br \/>\nFier rreth 6 500 protestues<br \/>\nGjirokastra 2800 protestues<br \/>\nBerati rreth 3000 qytetar\u00eb.<br \/>\nDurr\u00ebsi rreth 10 000 protestues,<br \/>\nElbasani 8 600 protestues<br \/>\nKor\u00e7a afro 5 600 protestues<\/p>\n<p>&nbsp;<\/p>\n","protected":false},"excerpt":{"rendered":"<p>Pak or\u00eb para protest\u00ebs s\u00eb dhjet\u00eb komb\u00ebtare t\u00eb opozit\u00ebs, Partia Demokratike ka nxjerr\u00eb shifrat e pjes\u00ebmarr\u00ebsve. Sipas PD-s\u00eb, jan\u00eb gati 70 mij\u00eb protestues nga rrethet q\u00eb do t\u00eb marrin pjes\u00eb n\u00eb protest\u00ebn e sotme, pa llogaritur Tiran\u00ebn q\u00eb gjithmon\u00eb ka numrin m\u00eb t\u00eb madh. Kuk\u00ebsi 4600 protestues Shkodra rreth 10 000 protestues Dibra 5 500 [&hellip;]<\/p>\n","protected":false},"author":2013,"featured_media":69803,"comment_status":"open","ping_status":"closed","sticky":false,"template":"","format":"standard","meta":{"footnotes":""},"categories":[241,235],"tags":[],"class_list":{"0":"post-95011","1":"post","2":"type-post","3":"status-publish","4":"format-standard","5":"has-post-thumbnail","7":"category-aktualitet","8":"category-vendi"},"_links":{"self":[{"href":"https:\/\/zjarr.tv\/sq\/wp-json\/wp\/v2\/posts\/95011","targetHints":{"allow":["GET"]}}],"collection":[{"href":"https:\/\/zjarr.tv\/sq\/wp-json\/wp\/v2\/posts"}],"about":[{"href":"https:\/\/zjarr.tv\/sq\/wp-json\/wp\/v2\/types\/post"}],"author":[{"embeddable":true,"href":"https:\/\/zjarr.tv\/sq\/wp-json\/wp\/v2\/users\/2013"}],"replies":[{"embeddable":true,"href":"https:\/\/zjarr.tv\/sq\/wp-json\/wp\/v2\/comments?post=95011"}],"version-history":[{"count":0,"href":"https:\/\/zjarr.tv\/sq\/wp-json\/wp\/v2\/posts\/95011\/revisions"}],"wp:featuredmedia":[{"embeddable":true,"href":"https:\/\/zjarr.tv\/sq\/wp-json\/wp\/v2\/media\/69803"}],"wp:attachment":[{"href":"https:\/\/zjarr.tv\/sq\/wp-json\/wp\/v2\/media?parent=95011"}],"wp:term":[{"taxonomy":"category","embeddable":true,"href":"https:\/\/zjarr.tv\/sq\/wp-json\/wp\/v2\/categories?post=95011"},{"taxonomy":"post_tag","embeddable":true,"href":"https:\/\/zjarr.tv\/sq\/wp-json\/wp\/v2\/tags?post=95011"}],"curies":[{"name":"wp","href":"https:\/\/api.w.org\/{rel}","templated":true}]}}