{"id":95015,"date":"2019-07-08T18:44:11","date_gmt":"2019-07-08T16:44:11","guid":{"rendered":"https:\/\/zjarr.tv\/?p=95015"},"modified":"2019-07-08T18:44:11","modified_gmt":"2019-07-08T16:44:11","slug":"gjuzi-meta-duhet-shkarkuar-sepse-ka-pergjegjesi-per-thesarin-e-krrabes","status":"publish","type":"post","link":"https:\/\/zjarr.tv\/sq\/gjuzi-meta-duhet-shkarkuar-sepse-ka-pergjegjesi-per-thesarin-e-krrabes\/","title":{"rendered":"Gjuzi: Meta duhet shkarkuar sepse ka p\u00ebrgjegj\u00ebsi p\u00ebr thesarin e Krrab\u00ebs"},"content":{"rendered":"<p>Kreu i Partis\u00eb Konservatore, Kujtim Gjuzi n\u00eb seanc\u00ebn e posa\u00e7me p\u00ebr shkarkimin e Presidentit t\u00eb Republik\u00ebs dha disa arsye pse sipas tij Ilir Meta duh\u00ebt shkarkuar.<\/p>\n<p><em>Kujtim Gjuzi:\u00a0Ilir Meta duhet shkarkuar sepse ka p\u00ebrgjegj\u00ebsi p\u00ebr thesarin e Krrab\u00ebs. Ilir Meta ka p\u00ebrgj\u00ebgj\u00ebsi p\u00ebr grabitjen e mandateve n\u00eb 2001 me Dushkun e famsh\u00ebm. Ilir Meta ka p\u00ebrgjegj\u00ebsi sepse me dat\u00ebn 2 dhjetor 2001 ka patur dijeni p\u00ebr nj\u00eb grup kriminal q\u00eb ka ardhur t\u00eb vras\u00eb Zef Bushtin n\u00eb Sh\u00ebngjin, Lezh\u00eb.<\/em><\/p>\n<p>&nbsp;<\/p>\n","protected":false},"excerpt":{"rendered":"<p>Kreu i Partis\u00eb Konservatore, Kujtim Gjuzi n\u00eb seanc\u00ebn e posa\u00e7me p\u00ebr shkarkimin e Presidentit t\u00eb Republik\u00ebs dha disa arsye pse sipas tij Ilir Meta duh\u00ebt shkarkuar. Kujtim Gjuzi:\u00a0Ilir Meta duhet shkarkuar sepse ka p\u00ebrgjegj\u00ebsi p\u00ebr thesarin e Krrab\u00ebs. Ilir Meta ka p\u00ebrgj\u00ebgj\u00ebsi p\u00ebr grabitjen e mandateve n\u00eb 2001 me Dushkun e famsh\u00ebm. Ilir Meta ka [&hellip;]<\/p>\n","protected":false},"author":2013,"featured_media":95016,"comment_status":"open","ping_status":"closed","sticky":false,"template":"","format":"standard","meta":{"footnotes":""},"categories":[241,235],"tags":[],"class_list":{"0":"post-95015","1":"post","2":"type-post","3":"status-publish","4":"format-standard","5":"has-post-thumbnail","7":"category-aktualitet","8":"category-vendi"},"_links":{"self":[{"href":"https:\/\/zjarr.tv\/sq\/wp-json\/wp\/v2\/posts\/95015","targetHints":{"allow":["GET"]}}],"collection":[{"href":"https:\/\/zjarr.tv\/sq\/wp-json\/wp\/v2\/posts"}],"about":[{"href":"https:\/\/zjarr.tv\/sq\/wp-json\/wp\/v2\/types\/post"}],"author":[{"embeddable":true,"href":"https:\/\/zjarr.tv\/sq\/wp-json\/wp\/v2\/users\/2013"}],"replies":[{"embeddable":true,"href":"https:\/\/zjarr.tv\/sq\/wp-json\/wp\/v2\/comments?post=95015"}],"version-history":[{"count":0,"href":"https:\/\/zjarr.tv\/sq\/wp-json\/wp\/v2\/posts\/95015\/revisions"}],"wp:featuredmedia":[{"embeddable":true,"href":"https:\/\/zjarr.tv\/sq\/wp-json\/wp\/v2\/media\/95016"}],"wp:attachment":[{"href":"https:\/\/zjarr.tv\/sq\/wp-json\/wp\/v2\/media?parent=95015"}],"wp:term":[{"taxonomy":"category","embeddable":true,"href":"https:\/\/zjarr.tv\/sq\/wp-json\/wp\/v2\/categories?post=95015"},{"taxonomy":"post_tag","embeddable":true,"href":"https:\/\/zjarr.tv\/sq\/wp-json\/wp\/v2\/tags?post=95015"}],"curies":[{"name":"wp","href":"https:\/\/api.w.org\/{rel}","templated":true}]}}