{"id":95018,"date":"2019-07-08T18:45:13","date_gmt":"2019-07-08T16:45:13","guid":{"rendered":"https:\/\/zjarr.tv\/?p=95018"},"modified":"2019-07-08T18:45:13","modified_gmt":"2019-07-08T16:45:13","slug":"maliqi-thirrje-opozites-mos-u-ngrini-1-apo-2-ore-por-me-revolta-demokratike-popullore","status":"publish","type":"post","link":"https:\/\/zjarr.tv\/sq\/maliqi-thirrje-opozites-mos-u-ngrini-1-apo-2-ore-por-me-revolta-demokratike-popullore\/","title":{"rendered":"Maliqi thirrje opozit\u00ebs: Mos u ngrini 1 apo 2 or\u00eb, por me revolta demokratike popullore"},"content":{"rendered":"<p>Deputeti i Kuvendit t\u00eb Shqip\u00ebris\u00eb, Lefter Maliqi n\u00eb fjal\u00ebn e tij n\u00eb seanc\u00ebn e posa\u00e7me p\u00ebr shkarkimin e Presidentit Ilir Meta, i b\u00ebri thirrje opozit\u00ebs parlamentare t\u00eb mos b\u00ebhen oksigjen i PS-s\u00eb p\u00ebr shkarkimin e Met\u00ebs.<\/p>\n<p>Maliqi i k\u00ebrkoi opozit\u00ebs n\u00eb rrug\u00eb q\u00eb t\u00eb mos b\u00ebj\u00eb protesta me 1 or\u00eb apo 2, por t\u00eb b\u00ebjn\u00eb revolt\u00eb demokratike popullore deri n\u00eb rr\u00ebzimin p\u00ebrfundimtar t\u00eb k\u00ebsaj qeverie.<\/p>\n<p><em>Lefter Maliqi:\u00a0Shqiptar\u00ebt tash\u00ebm jan\u00eb 6 vjet mbrapa sepse kan\u00eb nj\u00eb papun\u00ebsi, varf\u00ebri, lidhje me krimin, korrupsionin, kontraband\u00ebn, em\u00ebrime nepotik\u00ebe q\u00eb i b\u00ebn krimi i organizuar. Shikoni kush do ta drejtoj\u00eb komisionin hetimor, Ulsiu q\u00eb \u00ebsht\u00eb n\u00eb h\u00ebetime p\u00ebr p\u00ebrgjimet q\u00eb dol\u00ebn nga BILD dhe e nderoi. I b\u00ebj thirrje deputet\u00ebve t\u00eb opozit\u00ebs s\u00eb re. Meq\u00ebn\u00ebse k\u00ebta thon\u00eb se nuk jan\u00eb oksigjen i Partis\u00eb Socialiste t\u00eb shohim si do t\u00eb votojn\u00eb sot, sepse i pash at\u00eb dit\u00eb kur t\u00eb gjith\u00eb than\u00eb do t\u00eb abstenojm\u00eb dhe pas 40 minuta Balla i kapi grupe, grupe dhe votuan rezolut\u00ebn p\u00ebr shkarkimin e Presidentit t\u00eb Republik\u00ebs.\u00a0<\/em><\/p>\n<p><em>Ky \u00ebsht\u00eb nj\u00eb turp. I b\u00ebj thirrje t\u00eb gjith\u00eb shqiptar\u00ebve dhe opozit\u00ebs. Jo t\u00eb ngrihen me nj\u00eb or\u00eb ose dy or\u00eb n\u00eb protest\u00eb, por me revolt\u00eb demokratike popullore deri n\u00eb rr\u00ebzimin p\u00ebrfundimtar t\u00eb k\u00ebsaj qeverie t\u00eb lidhur me krimin. Koha sot, nes\u00ebr \u00ebsht\u00eb von\u00eb. K\u00ebta nuk e kuptojn\u00eb gabimin. K\u00ebta humbjen e quajn\u00eb fitore, k\u00ebta d\u00ebshtimin e quajn\u00eb triumf. \u00cbsht\u00eb turp kush po na drejton, \u00ebsht\u00eb trup kush udh\u00ebheq k\u00ebt\u00eb popull.<\/em><\/p>\n<p>&nbsp;<\/p>\n","protected":false},"excerpt":{"rendered":"<p>Deputeti i Kuvendit t\u00eb Shqip\u00ebris\u00eb, Lefter Maliqi n\u00eb fjal\u00ebn e tij n\u00eb seanc\u00ebn e posa\u00e7me p\u00ebr shkarkimin e Presidentit Ilir Meta, i b\u00ebri thirrje opozit\u00ebs parlamentare t\u00eb mos b\u00ebhen oksigjen i PS-s\u00eb p\u00ebr shkarkimin e Met\u00ebs. Maliqi i k\u00ebrkoi opozit\u00ebs n\u00eb rrug\u00eb q\u00eb t\u00eb mos b\u00ebj\u00eb protesta me 1 or\u00eb apo 2, por t\u00eb b\u00ebjn\u00eb [&hellip;]<\/p>\n","protected":false},"author":2013,"featured_media":86750,"comment_status":"open","ping_status":"closed","sticky":false,"template":"","format":"standard","meta":{"footnotes":""},"categories":[241,235],"tags":[],"class_list":{"0":"post-95018","1":"post","2":"type-post","3":"status-publish","4":"format-standard","5":"has-post-thumbnail","7":"category-aktualitet","8":"category-vendi"},"_links":{"self":[{"href":"https:\/\/zjarr.tv\/sq\/wp-json\/wp\/v2\/posts\/95018","targetHints":{"allow":["GET"]}}],"collection":[{"href":"https:\/\/zjarr.tv\/sq\/wp-json\/wp\/v2\/posts"}],"about":[{"href":"https:\/\/zjarr.tv\/sq\/wp-json\/wp\/v2\/types\/post"}],"author":[{"embeddable":true,"href":"https:\/\/zjarr.tv\/sq\/wp-json\/wp\/v2\/users\/2013"}],"replies":[{"embeddable":true,"href":"https:\/\/zjarr.tv\/sq\/wp-json\/wp\/v2\/comments?post=95018"}],"version-history":[{"count":0,"href":"https:\/\/zjarr.tv\/sq\/wp-json\/wp\/v2\/posts\/95018\/revisions"}],"wp:featuredmedia":[{"embeddable":true,"href":"https:\/\/zjarr.tv\/sq\/wp-json\/wp\/v2\/media\/86750"}],"wp:attachment":[{"href":"https:\/\/zjarr.tv\/sq\/wp-json\/wp\/v2\/media?parent=95018"}],"wp:term":[{"taxonomy":"category","embeddable":true,"href":"https:\/\/zjarr.tv\/sq\/wp-json\/wp\/v2\/categories?post=95018"},{"taxonomy":"post_tag","embeddable":true,"href":"https:\/\/zjarr.tv\/sq\/wp-json\/wp\/v2\/tags?post=95018"}],"curies":[{"name":"wp","href":"https:\/\/api.w.org\/{rel}","templated":true}]}}