{"id":95022,"date":"2019-07-08T18:55:10","date_gmt":"2019-07-08T16:55:10","guid":{"rendered":"https:\/\/zjarr.tv\/?p=95022"},"modified":"2019-07-08T18:55:10","modified_gmt":"2019-07-08T16:55:10","slug":"balla-transparence-ne-komisionin-per-meten","status":"publish","type":"post","link":"https:\/\/zjarr.tv\/sq\/balla-transparence-ne-komisionin-per-meten\/","title":{"rendered":"Balla: Transparenc\u00eb n\u00eb komisionin p\u00ebr Met\u00ebn"},"content":{"rendered":"<p>N\u00eb fjal\u00ebn p\u00ebrpara deputet\u00ebve, kreu u grupit parlamentar t\u00eb PS,Taulant Balla, zgjodhi t\u00eb flas\u00eb shkurtimisht, pasi sikund\u00ebr u shpreh ai gjith\u00e7ka \u00ebsht\u00eb th\u00ebn\u00eb e nuk ka shum\u00eb p\u00ebr t\u00eb diskutuar. Balla apeloi deputet\u00ebt e pranish\u00ebm n\u00eb k\u00ebt\u00eb seanc\u00eb t\u00eb posa\u00e7me t\u00eb votojn\u00eb me konsensus ngritjen e komisionit hetimor p\u00ebr Presidentin e Republik\u00ebs Ilir Meta. Nd\u00ebr t\u00eb tjera socialisti Balla k\u00ebrkoi transparenc\u00eb para publikut lidhur me pun\u00ebn q\u00eb do t\u00eb zhvilloj\u00eb ky komision.<\/p>\n<p>\u201cNuk ka shum\u00eb p\u00ebr t\u00eb diskutuar m\u00eb sot n\u00eb k\u00ebt\u00eb seanc\u00eb por si kryeatar i grupit t\u00eb shumic\u00ebs dhe si nj\u00eb prej firm\u00ebtar\u00ebve t\u00eb k\u00ebrkes\u00ebs, e cila n\u00eb 28 vite t\u00eb k\u00ebtij kuvendi \u00ebsht\u00eb hera e par\u00eb q\u00eb Kuvendi i Shqip\u00ebris\u00eb ngre nj\u00eb komision hetimor p\u00ebr ligjshm\u00ebrin\u00eb e veprimeve t\u00eb kryetarit t\u00eb shtetit,q\u00eb shkojn\u00eb n\u00eb kushtet e shkeljes s\u00eb r\u00ebnd\u00eb t\u00eb kushtetut\u00ebs.<\/p>\n<p>Do t\u2019i k\u00ebrkoja t\u00eb gjith\u00eb deputet\u00ebve ta ngrem\u00eb me konsensus t\u00eb plot\u00eb, t\u2019i k\u00ebrkojm\u00eb k\u00ebtij komisionit hetimor t\u00eb p\u00ebrmbush\u00eb detyr\u00ebn e vet brenda 3 muajve e me transparenc\u00eb p\u00ebr publikun me q\u00ebllim q\u00eb p\u00ebrfundimet e k\u00ebtij komisioni t\u00eb p\u00ebrmbushin pritshm\u00ebrit\u00eb, por i takon komisionit q\u00eb t\u00eb qart\u00ebsoje k\u00ebt\u00eb situat\u00eb. T\u00eb gjith\u00eb e pranojm\u00eb, edhe nga fjalimet k\u00ebtu n\u00eb sall\u00eb, jemi n\u00eb kushtet e nj\u00eb shkleje t\u00eb r\u00ebnd\u00eb t\u00eb kushtetut\u00ebs. \u201c shpreh Balla<\/p>\n<p>&nbsp;<\/p>\n","protected":false},"excerpt":{"rendered":"<p>N\u00eb fjal\u00ebn p\u00ebrpara deputet\u00ebve, kreu u grupit parlamentar t\u00eb PS,Taulant Balla, zgjodhi t\u00eb flas\u00eb shkurtimisht, pasi sikund\u00ebr u shpreh ai gjith\u00e7ka \u00ebsht\u00eb th\u00ebn\u00eb e nuk ka shum\u00eb p\u00ebr t\u00eb diskutuar. Balla apeloi deputet\u00ebt e pranish\u00ebm n\u00eb k\u00ebt\u00eb seanc\u00eb t\u00eb posa\u00e7me t\u00eb votojn\u00eb me konsensus ngritjen e komisionit hetimor p\u00ebr Presidentin e Republik\u00ebs Ilir Meta. Nd\u00ebr [&hellip;]<\/p>\n","protected":false},"author":2013,"featured_media":63724,"comment_status":"open","ping_status":"closed","sticky":false,"template":"","format":"standard","meta":{"footnotes":""},"categories":[241,235],"tags":[],"class_list":{"0":"post-95022","1":"post","2":"type-post","3":"status-publish","4":"format-standard","5":"has-post-thumbnail","7":"category-aktualitet","8":"category-vendi"},"_links":{"self":[{"href":"https:\/\/zjarr.tv\/sq\/wp-json\/wp\/v2\/posts\/95022","targetHints":{"allow":["GET"]}}],"collection":[{"href":"https:\/\/zjarr.tv\/sq\/wp-json\/wp\/v2\/posts"}],"about":[{"href":"https:\/\/zjarr.tv\/sq\/wp-json\/wp\/v2\/types\/post"}],"author":[{"embeddable":true,"href":"https:\/\/zjarr.tv\/sq\/wp-json\/wp\/v2\/users\/2013"}],"replies":[{"embeddable":true,"href":"https:\/\/zjarr.tv\/sq\/wp-json\/wp\/v2\/comments?post=95022"}],"version-history":[{"count":0,"href":"https:\/\/zjarr.tv\/sq\/wp-json\/wp\/v2\/posts\/95022\/revisions"}],"wp:featuredmedia":[{"embeddable":true,"href":"https:\/\/zjarr.tv\/sq\/wp-json\/wp\/v2\/media\/63724"}],"wp:attachment":[{"href":"https:\/\/zjarr.tv\/sq\/wp-json\/wp\/v2\/media?parent=95022"}],"wp:term":[{"taxonomy":"category","embeddable":true,"href":"https:\/\/zjarr.tv\/sq\/wp-json\/wp\/v2\/categories?post=95022"},{"taxonomy":"post_tag","embeddable":true,"href":"https:\/\/zjarr.tv\/sq\/wp-json\/wp\/v2\/tags?post=95022"}],"curies":[{"name":"wp","href":"https:\/\/api.w.org\/{rel}","templated":true}]}}