{"id":95039,"date":"2019-07-09T16:04:35","date_gmt":"2019-07-09T14:04:35","guid":{"rendered":"https:\/\/zjarr.tv\/?p=95039"},"modified":"2019-07-09T16:04:35","modified_gmt":"2019-07-09T14:04:35","slug":"negociatat-cakaj-austria-spanja-e-suedia-mbeshtesin-shqiperine","status":"publish","type":"post","link":"https:\/\/zjarr.tv\/sq\/negociatat-cakaj-austria-spanja-e-suedia-mbeshtesin-shqiperine\/","title":{"rendered":"Negociatat\/ Cakaj: Austria, Spanja e Suedia mb\u00ebshtesin Shqip\u00ebrin\u00eb"},"content":{"rendered":"<p>Ministri n\u00eb Detyr\u00eb p\u00ebr Evrop\u00ebn dhe Pun\u00ebt e Jashtme, Gent Cakaj, gjat\u00eb Takimit Informal t\u00eb Ministrave t\u00eb Jasht\u00ebm t\u00eb OSBE-s\u00eb n\u00eb Sllovaki, ka marr\u00eb mb\u00ebshtetjen e Austris\u00eb, Spanj\u00ebs dhe Suedis\u00eb p\u00ebr hapjen e negociatave t\u00eb Shqip\u00ebris\u00eb me Bashkimin Evropian.<\/p>\n<p>Gjat\u00eb takimit me Ministrin Federal p\u00ebr Evrop\u00ebn t\u00eb Austris\u00eb Alexander Schallenberg, Cakaj shprehet se u diskutuan dy \u00e7\u00ebshtje t\u00eb r\u00ebnd\u00ebsishme p\u00ebr Shqip\u00ebrin\u00eb:\u00a0 Perspektiva e zgjerimit t\u00eb BE-s\u00eb n\u00eb Ballkanin Per\u00ebndimor s\u00eb bashku me ambicien e Shqip\u00ebris\u00eb p\u00ebr t\u00eb marr\u00eb nj\u00eb p\u00ebrgjigje pozitive n\u00eb tetor dhe p\u00ebrgatitjet e Shqip\u00ebris\u00eb p\u00ebr t\u00eb marr\u00eb kryesin\u00eb e OSBE-s\u00eb vitin e ardhsh\u00ebm.<\/p>\n<p>Ministri austriak Schallenberg siguroi p\u00ebr mb\u00ebshtetjen e pal\u00ebkundur t\u00eb Austris\u00eb p\u00ebr hapjen e negociatave t\u00eb Shqip\u00ebris\u00eb me BE, duke theksuar se Shqip\u00ebria ka nd\u00ebrmarr\u00eb t\u00eb gjitha masat e nevojshme dhe \u00ebsht\u00eb gati t\u00eb filloj\u00eb negociatat me Bashkimin Evropian. Ai siguroi gjithashtu se Austria do t\u00eb jet\u00eb nj\u00eb mb\u00ebshtet\u00ebse e z\u00ebshme dhe e fuqishme e Shqip\u00ebris\u00eb p\u00ebr t\u00eb mund\u00ebsuar nj\u00eb vendim pozitiv n\u00eb mbledhjen e ardhshme t\u00eb K\u00ebshillit n\u00eb tetor. Cakaj falenderoi Ministrin Schallenberg p\u00ebr asistenc\u00ebn e Austris\u00eb n\u00eb kuad\u00ebr t\u00eb p\u00ebrgatitjeve t\u00eb Shqip\u00ebris\u00eb p\u00ebr kryesimin e OSBE-s\u00eb vitin e ardhsh\u00ebm.<\/p>\n<p>Gjat\u00eb q\u00ebndrimit n\u00eb Tatra t\u00eb Sllovakis\u00eb, Cakaj zhvilloi gjithashtu takim me Ministrin e Pun\u00ebve t\u00eb Jashtme, BE-s\u00eb dhe Bashk\u00ebpunimit t\u00eb Spanj\u00ebs Josep Borrell, i cili vler\u00ebsoi p\u00ebrpjekjet dhe angazhimin e Shqip\u00ebris\u00eb p\u00ebrmbushjen e kushteve p\u00ebr hapjen e negociatave. Borrell siguroi p\u00ebr mb\u00ebshtetjen e Spanj\u00ebs lidhur me hapjen e negociatave mes Shqip\u00ebris\u00eb dhe BE-s\u00eb, duke shprehur q\u00ebndrimin spanjoll se Ballkani Per\u00ebndimor duhet t\u00eb b\u00ebhet sa m\u00eb par\u00eb pjes\u00eb e Bashkimit Evropian.<\/p>\n<p>Cakaj konfirmoi gjat\u00eb takimit se Shqip\u00ebria ka p\u00ebrmbushur kushtet teknike p\u00ebr t\u00eb filluar k\u00ebto negociata dhe \u00ebsht\u00eb e bindur se hapja e negociatave me BE-n\u00eb \u00ebsht\u00eb m\u00ebse e merituar. Sa i takon kryesimit vitin e ardhsh\u00ebm t\u00eb OSBE-s\u00eb, Cakaj informoi homologun spanjoll se Shqip\u00ebria ka nd\u00ebrtuar nj\u00eb bashk\u00ebpunim solid me shum\u00eb vende an\u00ebtare p\u00ebr t\u00eb siguruar nj\u00eb kryesi sa m\u00eb te denj\u00eb dhe n\u00eb mb\u00ebshtetje t\u00eb plot\u00eb t\u00eb axhend\u00ebs s\u00eb Organizat\u00ebs.<\/p>\n<p>Takimi i Cakaj me Margot Wallstr\u00f6m t\u00eb Suedis\u00eb u fokusua te reformat e nd\u00ebrmarra nga Shqip\u00ebria. Zv. Kryeministrja dhe ministrja e Jashtme suedeze Wallstr\u00f6m vler\u00ebsoi edhe mbar\u00ebvajtjen e zgjedhjeve n\u00eb Shqip\u00ebri, duke konfirmuar mb\u00ebshtetjen e fuqishme p\u00ebr hapjen e negociatave. Wallstr\u00f6m inkurajoi p\u00ebr vijimin e reformave.<\/p>\n<p>Nga ana e tij Cakaj u shpreh se marrja e vendimit pozitiv do t\u2019i jap\u00eb nj\u00eb impuls t\u00eb ri angazhimit t\u00eb Shqip\u00ebris\u00eb p\u00ebr t\u00eb vijuar m\u00eb tej me reformat. Ministri n\u00eb Detyr\u00eb Cakaj tha se reforma n\u00eb drejt\u00ebsi n\u00eb Shqip\u00ebri \u00ebsht\u00eb e paprecedent\u00eb dhe se Shqip\u00ebria \u00ebsht\u00eb e vendosur t\u00eb vazhdoj\u00eb reformat.<\/p>\n<p>&nbsp;<\/p>\n","protected":false},"excerpt":{"rendered":"<p>Ministri n\u00eb Detyr\u00eb p\u00ebr Evrop\u00ebn dhe Pun\u00ebt e Jashtme, Gent Cakaj, gjat\u00eb Takimit Informal t\u00eb Ministrave t\u00eb Jasht\u00ebm t\u00eb OSBE-s\u00eb n\u00eb Sllovaki, ka marr\u00eb mb\u00ebshtetjen e Austris\u00eb, Spanj\u00ebs dhe Suedis\u00eb p\u00ebr hapjen e negociatave t\u00eb Shqip\u00ebris\u00eb me Bashkimin Evropian. Gjat\u00eb takimit me Ministrin Federal p\u00ebr Evrop\u00ebn t\u00eb Austris\u00eb Alexander Schallenberg, Cakaj shprehet se u diskutuan [&hellip;]<\/p>\n","protected":false},"author":2013,"featured_media":95163,"comment_status":"open","ping_status":"closed","sticky":false,"template":"","format":"standard","meta":{"footnotes":""},"categories":[241,235],"tags":[],"class_list":{"0":"post-95039","1":"post","2":"type-post","3":"status-publish","4":"format-standard","5":"has-post-thumbnail","7":"category-aktualitet","8":"category-vendi"},"_links":{"self":[{"href":"https:\/\/zjarr.tv\/sq\/wp-json\/wp\/v2\/posts\/95039","targetHints":{"allow":["GET"]}}],"collection":[{"href":"https:\/\/zjarr.tv\/sq\/wp-json\/wp\/v2\/posts"}],"about":[{"href":"https:\/\/zjarr.tv\/sq\/wp-json\/wp\/v2\/types\/post"}],"author":[{"embeddable":true,"href":"https:\/\/zjarr.tv\/sq\/wp-json\/wp\/v2\/users\/2013"}],"replies":[{"embeddable":true,"href":"https:\/\/zjarr.tv\/sq\/wp-json\/wp\/v2\/comments?post=95039"}],"version-history":[{"count":0,"href":"https:\/\/zjarr.tv\/sq\/wp-json\/wp\/v2\/posts\/95039\/revisions"}],"wp:featuredmedia":[{"embeddable":true,"href":"https:\/\/zjarr.tv\/sq\/wp-json\/wp\/v2\/media\/95163"}],"wp:attachment":[{"href":"https:\/\/zjarr.tv\/sq\/wp-json\/wp\/v2\/media?parent=95039"}],"wp:term":[{"taxonomy":"category","embeddable":true,"href":"https:\/\/zjarr.tv\/sq\/wp-json\/wp\/v2\/categories?post=95039"},{"taxonomy":"post_tag","embeddable":true,"href":"https:\/\/zjarr.tv\/sq\/wp-json\/wp\/v2\/tags?post=95039"}],"curies":[{"name":"wp","href":"https:\/\/api.w.org\/{rel}","templated":true}]}}