{"id":95096,"date":"2019-07-09T14:20:57","date_gmt":"2019-07-09T12:20:57","guid":{"rendered":"https:\/\/zjarr.tv\/?p=95096"},"modified":"2019-07-09T14:20:57","modified_gmt":"2019-07-09T12:20:57","slug":"meta-shqiperia-kurre-koloni-e-nje-junte-dhe-shteti-paralel","status":"publish","type":"post","link":"https:\/\/zjarr.tv\/sq\/meta-shqiperia-kurre-koloni-e-nje-junte-dhe-shteti-paralel\/","title":{"rendered":"Meta: Shqip\u00ebria, kurr\u00eb koloni e nj\u00eb junte dhe shteti paralel"},"content":{"rendered":"<p>N\u00eb intervist\u00ebn e dh\u00ebn\u00eb sot p\u00ebr \u201cKathimerini\u201d Presidenti Meta ka b\u00ebr\u00eb t\u00eb qart\u00eb se nuk do t\u00eb lejoj\u00eb kurr\u00eb q\u00eb Shqip\u00ebria t\u00eb kthehet nj\u00eb \u201ckolonin\u00eb e nj\u00eb junte dhe shteti paralel\u201d.<\/p>\n<p>Gazetari: Fol\u00ebt p\u00ebr nj\u00eb plan instalimi t\u00eb nj\u00eb junte q\u00eb ka si q\u00ebllim krijimin e shtetit paralel n\u00eb Shqip\u00ebri dhe n\u00eb Kosov\u00eb, dhe p\u00ebrcaktuat si \u2018\u2019njeri t\u00eb p\u00ebrshtatsh\u00ebm\u2018\u2019 p\u00ebr t\u00eb, Edi Ram\u00ebn, dhe frym\u00ebzues, Xhorxh Sorosin. \u00c7far\u00eb dini konkretisht p\u00ebr k\u00ebt\u00eb plan?<\/p>\n<p>Presidenti Meta: Un\u00eb thjesht e kam g\u00ebrm\u00ebzuar qart\u00eb dhe sakt\u00eb se si nj\u00eb grup i strukturuar, q\u00eb praktikon taktika t\u00eb nj\u00eb shteti paralel \u00ebsht\u00eb duke synuar dhe k\u00ebrkuar kapjen totale t\u00eb shtetit n\u00eb Shqip\u00ebri, gj\u00eb q\u00eb u sh\u00ebrben agjendave t\u00eb fshehta.<\/p>\n<p>\u00cbsht\u00eb e qart\u00eb se k\u00ebto agjenda nuk jan\u00eb gj\u00eb tjet\u00ebr, ve\u00e7se n\u00eb mosp\u00ebrputhje me an\u00ebtar\u00ebsimin ton\u00eb n\u00eb NATO, me procesin ton\u00eb t\u00eb integrimit n\u00eb BE, ose edhe me partneritetin ton\u00eb strategjik me SHBA-n\u00eb.<\/p>\n<p>Demokracia dhe sundimi i ligjit gjenden n\u00eb zem\u00ebr t\u00eb k\u00ebtyre marr\u00ebdh\u00ebnieve dhe si t\u00eb tilla, ato kurr\u00eb nuk do t\u00eb jen\u00eb subjekt p\u00ebr negociata.<\/p>\n<p>Shqiptar\u00ebt e sinqert\u00eb dhe pun\u00ebtor\u00eb nuk do t\u00eb pranojn\u00eb kurr\u00eb t\u00eb jen\u00eb koloni n\u00eb sh\u00ebrbim t\u00eb pastrimit t\u00eb parave dhe t\u00eb krimit t\u00eb organizuar nd\u00ebrkomb\u00ebtar. Ata kurr\u00eb nuk do t\u00eb pranojn\u00eb t\u00eb keqp\u00ebrdoren si shkak p\u00ebr turbullira n\u00eb nj\u00eb rajon ku ata kan\u00eb qen\u00eb historikisht m\u00eb t\u00eb paqt\u00ebt, megjith\u00ebse kan\u00eb kaluar vuajtje t\u00eb tmerrshme. Shqiptar\u00ebt e kan\u00eb b\u00ebr\u00eb zgjedhjen e tyre, p\u00ebr t\u2019u bashkuar me NATO-n dhe Bashkimin Europian. Askush nuk mund t\u2019ia nd\u00ebrroj\u00eb rrug\u00ebtimin k\u00ebtij projekti strategjik. Kjo duhet t\u00eb jet\u00eb e qart\u00eb!<\/p>\n<p>&nbsp;<\/p>\n","protected":false},"excerpt":{"rendered":"<p>N\u00eb intervist\u00ebn e dh\u00ebn\u00eb sot p\u00ebr \u201cKathimerini\u201d Presidenti Meta ka b\u00ebr\u00eb t\u00eb qart\u00eb se nuk do t\u00eb lejoj\u00eb kurr\u00eb q\u00eb Shqip\u00ebria t\u00eb kthehet nj\u00eb \u201ckolonin\u00eb e nj\u00eb junte dhe shteti paralel\u201d. Gazetari: Fol\u00ebt p\u00ebr nj\u00eb plan instalimi t\u00eb nj\u00eb junte q\u00eb ka si q\u00ebllim krijimin e shtetit paralel n\u00eb Shqip\u00ebri dhe n\u00eb Kosov\u00eb, dhe p\u00ebrcaktuat [&hellip;]<\/p>\n","protected":false},"author":2013,"featured_media":94050,"comment_status":"open","ping_status":"closed","sticky":false,"template":"","format":"standard","meta":{"footnotes":""},"categories":[241,235],"tags":[],"class_list":{"0":"post-95096","1":"post","2":"type-post","3":"status-publish","4":"format-standard","5":"has-post-thumbnail","7":"category-aktualitet","8":"category-vendi"},"_links":{"self":[{"href":"https:\/\/zjarr.tv\/sq\/wp-json\/wp\/v2\/posts\/95096","targetHints":{"allow":["GET"]}}],"collection":[{"href":"https:\/\/zjarr.tv\/sq\/wp-json\/wp\/v2\/posts"}],"about":[{"href":"https:\/\/zjarr.tv\/sq\/wp-json\/wp\/v2\/types\/post"}],"author":[{"embeddable":true,"href":"https:\/\/zjarr.tv\/sq\/wp-json\/wp\/v2\/users\/2013"}],"replies":[{"embeddable":true,"href":"https:\/\/zjarr.tv\/sq\/wp-json\/wp\/v2\/comments?post=95096"}],"version-history":[{"count":0,"href":"https:\/\/zjarr.tv\/sq\/wp-json\/wp\/v2\/posts\/95096\/revisions"}],"wp:featuredmedia":[{"embeddable":true,"href":"https:\/\/zjarr.tv\/sq\/wp-json\/wp\/v2\/media\/94050"}],"wp:attachment":[{"href":"https:\/\/zjarr.tv\/sq\/wp-json\/wp\/v2\/media?parent=95096"}],"wp:term":[{"taxonomy":"category","embeddable":true,"href":"https:\/\/zjarr.tv\/sq\/wp-json\/wp\/v2\/categories?post=95096"},{"taxonomy":"post_tag","embeddable":true,"href":"https:\/\/zjarr.tv\/sq\/wp-json\/wp\/v2\/tags?post=95096"}],"curies":[{"name":"wp","href":"https:\/\/api.w.org\/{rel}","templated":true}]}}