{"id":95104,"date":"2019-07-09T14:42:11","date_gmt":"2019-07-09T12:42:11","guid":{"rendered":"https:\/\/zjarr.tv\/?p=95104"},"modified":"2019-07-09T14:42:11","modified_gmt":"2019-07-09T12:42:11","slug":"ne-proteste-me-femijet-qytetaret-iu-pergjigjen-thirrjes-se-bashes","status":"publish","type":"post","link":"https:\/\/zjarr.tv\/sq\/ne-proteste-me-femijet-qytetaret-iu-pergjigjen-thirrjes-se-bashes\/","title":{"rendered":"N\u00eb protest\u00eb me f\u00ebmij\u00ebt, qytetar\u00ebt iu p\u00ebrgjigj\u00ebn thirrjes s\u00eb Bash\u00ebs"},"content":{"rendered":"<p>Qytetar\u00eb t\u00eb Tiran\u00ebs, por jo vet\u00ebm, t\u00eb mbledhur mbr\u00ebmjen e t\u00eb h\u00ebn\u00ebs n\u00eb protest\u00ebn e 10 komb\u00ebtare t\u00eb opozit\u00ebs s\u00eb bashkuar n\u00eb sheshin para kryeministris\u00eb, iu p\u00ebrgjigj\u00ebn thirrjes s\u00eb kryedemokratit Lulzim Basha, p\u00ebr t\u00eb dal\u00eb n\u00eb protest\u00eb se bashku me f\u00ebmij\u00ebt.<\/p>\n<p>Me flamujtkuqez, t\u00eb SHBA apo BE, qytetar\u00eb t\u00eb shumt\u00eb iu bashkuan dje opozit\u00ebs s\u00eb bashku me familjet e f\u00ebmij\u00ebt e tyre, n\u00eb nj\u00eb protest\u00eb paq\u00ebsore n\u00eb t\u00eb cil\u00ebn nuk u sh\u00ebnuan incidente.<\/p>\n<p>&nbsp;<\/p>\n","protected":false},"excerpt":{"rendered":"<p>Qytetar\u00eb t\u00eb Tiran\u00ebs, por jo vet\u00ebm, t\u00eb mbledhur mbr\u00ebmjen e t\u00eb h\u00ebn\u00ebs n\u00eb protest\u00ebn e 10 komb\u00ebtare t\u00eb opozit\u00ebs s\u00eb bashkuar n\u00eb sheshin para kryeministris\u00eb, iu p\u00ebrgjigj\u00ebn thirrjes s\u00eb kryedemokratit Lulzim Basha, p\u00ebr t\u00eb dal\u00eb n\u00eb protest\u00eb se bashku me f\u00ebmij\u00ebt. Me flamujtkuqez, t\u00eb SHBA apo BE, qytetar\u00eb t\u00eb shumt\u00eb iu bashkuan dje opozit\u00ebs s\u00eb [&hellip;]<\/p>\n","protected":false},"author":2013,"featured_media":95105,"comment_status":"open","ping_status":"closed","sticky":false,"template":"","format":"standard","meta":{"footnotes":""},"categories":[241,235],"tags":[],"class_list":{"0":"post-95104","1":"post","2":"type-post","3":"status-publish","4":"format-standard","5":"has-post-thumbnail","7":"category-aktualitet","8":"category-vendi"},"_links":{"self":[{"href":"https:\/\/zjarr.tv\/sq\/wp-json\/wp\/v2\/posts\/95104","targetHints":{"allow":["GET"]}}],"collection":[{"href":"https:\/\/zjarr.tv\/sq\/wp-json\/wp\/v2\/posts"}],"about":[{"href":"https:\/\/zjarr.tv\/sq\/wp-json\/wp\/v2\/types\/post"}],"author":[{"embeddable":true,"href":"https:\/\/zjarr.tv\/sq\/wp-json\/wp\/v2\/users\/2013"}],"replies":[{"embeddable":true,"href":"https:\/\/zjarr.tv\/sq\/wp-json\/wp\/v2\/comments?post=95104"}],"version-history":[{"count":0,"href":"https:\/\/zjarr.tv\/sq\/wp-json\/wp\/v2\/posts\/95104\/revisions"}],"wp:featuredmedia":[{"embeddable":true,"href":"https:\/\/zjarr.tv\/sq\/wp-json\/wp\/v2\/media\/95105"}],"wp:attachment":[{"href":"https:\/\/zjarr.tv\/sq\/wp-json\/wp\/v2\/media?parent=95104"}],"wp:term":[{"taxonomy":"category","embeddable":true,"href":"https:\/\/zjarr.tv\/sq\/wp-json\/wp\/v2\/categories?post=95104"},{"taxonomy":"post_tag","embeddable":true,"href":"https:\/\/zjarr.tv\/sq\/wp-json\/wp\/v2\/tags?post=95104"}],"curies":[{"name":"wp","href":"https:\/\/api.w.org\/{rel}","templated":true}]}}