{"id":95113,"date":"2019-07-09T14:47:51","date_gmt":"2019-07-09T12:47:51","guid":{"rendered":"https:\/\/zjarr.tv\/?p=95113"},"modified":"2019-07-09T14:47:51","modified_gmt":"2019-07-09T12:47:51","slug":"mashtrim-me-kredi-arrestohet-22-vjecari-ne-lushnje","status":"publish","type":"post","link":"https:\/\/zjarr.tv\/sq\/mashtrim-me-kredi-arrestohet-22-vjecari-ne-lushnje\/","title":{"rendered":"&#8220;Mashtrim me kredi&#8221;, arrestohet 22-vje\u00e7ari n\u00eb Lushnje"},"content":{"rendered":"<p>Nj\u00eb 22-vje\u00e7ar nga Kolonja e Lushnj\u00ebs \u00ebsht\u00eb arrestuar p\u00ebr vepr\u00ebn penale &#8220;Mashtrim me kredi&#8221;.<\/p>\n<p>Policia thot\u00eb se shtetasi A.K, 22 vje\u00e7, ishte shpallur n\u00eb k\u00ebrkim.<\/p>\n<p><em>&#8220;Kapja e k\u00ebtij shtetasi u b\u00eb pasi Gjykata e Rrethit Gjyq\u00ebsor Tiran\u00eb ka vendosur mas\u00ebn e siguris\u00eb &#8220;Arrest me burg&#8221; p\u00ebr vepr\u00ebn penale &#8220;Mashtrim me kredi&#8221;,<\/em>\u00a0sqaron policia.<\/p>\n<p>Ky shtetas iu dor\u00ebzua sh\u00ebrbimeve t\u00eb DVP Tiran\u00eb p\u00ebr veprime t\u00eb m\u00ebtejshme procedurale.<\/p>\n<p>&nbsp;<\/p>\n","protected":false},"excerpt":{"rendered":"<p>Nj\u00eb 22-vje\u00e7ar nga Kolonja e Lushnj\u00ebs \u00ebsht\u00eb arrestuar p\u00ebr vepr\u00ebn penale &#8220;Mashtrim me kredi&#8221;. Policia thot\u00eb se shtetasi A.K, 22 vje\u00e7, ishte shpallur n\u00eb k\u00ebrkim. &#8220;Kapja e k\u00ebtij shtetasi u b\u00eb pasi Gjykata e Rrethit Gjyq\u00ebsor Tiran\u00eb ka vendosur mas\u00ebn e siguris\u00eb &#8220;Arrest me burg&#8221; p\u00ebr vepr\u00ebn penale &#8220;Mashtrim me kredi&#8221;,\u00a0sqaron policia. Ky shtetas iu [&hellip;]<\/p>\n","protected":false},"author":2013,"featured_media":57185,"comment_status":"open","ping_status":"closed","sticky":false,"template":"","format":"standard","meta":{"footnotes":""},"categories":[241,235],"tags":[],"class_list":{"0":"post-95113","1":"post","2":"type-post","3":"status-publish","4":"format-standard","5":"has-post-thumbnail","7":"category-aktualitet","8":"category-vendi"},"_links":{"self":[{"href":"https:\/\/zjarr.tv\/sq\/wp-json\/wp\/v2\/posts\/95113","targetHints":{"allow":["GET"]}}],"collection":[{"href":"https:\/\/zjarr.tv\/sq\/wp-json\/wp\/v2\/posts"}],"about":[{"href":"https:\/\/zjarr.tv\/sq\/wp-json\/wp\/v2\/types\/post"}],"author":[{"embeddable":true,"href":"https:\/\/zjarr.tv\/sq\/wp-json\/wp\/v2\/users\/2013"}],"replies":[{"embeddable":true,"href":"https:\/\/zjarr.tv\/sq\/wp-json\/wp\/v2\/comments?post=95113"}],"version-history":[{"count":0,"href":"https:\/\/zjarr.tv\/sq\/wp-json\/wp\/v2\/posts\/95113\/revisions"}],"wp:featuredmedia":[{"embeddable":true,"href":"https:\/\/zjarr.tv\/sq\/wp-json\/wp\/v2\/media\/57185"}],"wp:attachment":[{"href":"https:\/\/zjarr.tv\/sq\/wp-json\/wp\/v2\/media?parent=95113"}],"wp:term":[{"taxonomy":"category","embeddable":true,"href":"https:\/\/zjarr.tv\/sq\/wp-json\/wp\/v2\/categories?post=95113"},{"taxonomy":"post_tag","embeddable":true,"href":"https:\/\/zjarr.tv\/sq\/wp-json\/wp\/v2\/tags?post=95113"}],"curies":[{"name":"wp","href":"https:\/\/api.w.org\/{rel}","templated":true}]}}