{"id":95122,"date":"2019-07-09T15:10:49","date_gmt":"2019-07-09T13:10:49","guid":{"rendered":"https:\/\/zjarr.tv\/?p=95122"},"modified":"2019-07-09T15:10:49","modified_gmt":"2019-07-09T13:10:49","slug":"vrau-kunatin-pastaj-edhe-veten-flasin-te-afermit-e-71-vjecarit-na-tha-ti-ndiznim-qiri-ne-kishe","status":"publish","type":"post","link":"https:\/\/zjarr.tv\/sq\/vrau-kunatin-pastaj-edhe-veten-flasin-te-afermit-e-71-vjecarit-na-tha-ti-ndiznim-qiri-ne-kishe\/","title":{"rendered":"Vrau kunatin pastaj edhe veten, flasin t\u00eb af\u00ebrmit e 71- vje\u00e7arit :Na tha t\u2019i ndiznim qiri n\u00eb Kish\u00eb"},"content":{"rendered":"<p>Nj\u00eb ngjarje e r\u00ebnd\u00eb ka tronditur qytetin e Kor\u00e7\u00ebs. Serefedin Zenellari, 71-vje\u00e7 vrau me arm\u00eb kunatin e tij dhe pas disa or\u00ebsh u vet\u00ebvra.<\/p>\n<p>Miqt\u00eb\u00a0e 71-vje\u00e7arit e p\u00ebrshkruajn\u00eb Serefedin Zenellari, nj\u00eb njeri shum\u00eb t\u00eb qet\u00eb q\u00eb nuk shkaktonte probleme.<\/p>\n<p>N\u00eb nj\u00eb prononcim p\u00ebr mediat, miku i tij tha se Zenellari refuzonte q\u00eb t\u00eb pranonte se ishte ndar\u00eb nga bashk\u00ebshortja, por thoshte se gruaja kishte ikur n\u00eb Amerik\u00eb, tek vajza.<\/p>\n<p>\u201cIshte shum\u00eb njeri i qet\u00eb, ne e kemi shum\u00eb shok\u00eb. Ishim n\u00eb Voskopoj\u00eb para nj\u00eb jav\u00eb. Hanim e pinim bashk\u00eb. Madje para nj\u00eb jave na tha q\u00eb t\u00eb shkonim t\u00eb ndiznim qiri n\u00eb Kish\u00eb, por un\u00eb s\u2019shkova. Ishte shok shum\u00eb i mir\u00eb.<\/p>\n<p>Ka qen\u00eb shum\u00eb njeri i qet\u00eb dhe i thell\u00eb nuk hapej me shoq\u00ebrin\u00eb. Ishte i ndar\u00eb me t\u00eb shoqen. Nj\u00eb djal\u00eb e ka n\u00eb Greqi dhe nj\u00eb vajz\u00eb e ka n\u00eb Amerik\u00eb. Edhe gruaja kishte shkuar tek vajza n\u00eb Amerik\u00eb. Un\u00eb e pyesja p\u00ebr gruan, por thoshte sa ka shkuar tek goca nuk tregonte se ishte i ndar\u00eb. Nd\u00ebrsa p\u00ebr marr\u00ebdh\u00ebnien me kunatin nuk di gj\u00eb sepse nuk tregonte asgj\u00eb\u201d, tha ai.<\/p>\n<p>57-vje\u00e7arit Nako dyshohet se \u00ebsht\u00eb vrar\u00eb nga kunati i tij i moshuar. Nd\u00ebrkoh\u00eb, m\u00ebsohet se n\u00eb banes\u00ebn e 57-vje\u00e7arit t\u00eb vrar\u00eb dje mundonte nj\u00eb shum\u00eb prej 13 mij\u00eb eurosh.<\/p>\n<p>Gjithashtu, n\u00eb kantieren e viktim\u00ebs jan\u00eb gjetur \u00e7arje e grisje t\u00eb saj, \u00e7ka tregon se personat jan\u00eb p\u00ebrleshur. \u201cBalkan\u00cbeb\u201d ka m\u00ebsuar se viktima e sotme, Sefedin Zenellari, ishte v\u00ebllai i gruas s\u00eb Gramoz Nakos. Ai ishte baba i dy f\u00ebmij\u00ebve, por i divocruar nga bashk\u00ebshortja.<\/p>\n<p>&nbsp;<\/p>\n<p>&nbsp;<\/p>\n<p>&nbsp;<\/p>\n","protected":false},"excerpt":{"rendered":"<p>Nj\u00eb ngjarje e r\u00ebnd\u00eb ka tronditur qytetin e Kor\u00e7\u00ebs. Serefedin Zenellari, 71-vje\u00e7 vrau me arm\u00eb kunatin e tij dhe pas disa or\u00ebsh u vet\u00ebvra. Miqt\u00eb\u00a0e 71-vje\u00e7arit e p\u00ebrshkruajn\u00eb Serefedin Zenellari, nj\u00eb njeri shum\u00eb t\u00eb qet\u00eb q\u00eb nuk shkaktonte probleme. N\u00eb nj\u00eb prononcim p\u00ebr mediat, miku i tij tha se Zenellari refuzonte q\u00eb t\u00eb pranonte se [&hellip;]<\/p>\n","protected":false},"author":2013,"featured_media":95032,"comment_status":"open","ping_status":"closed","sticky":false,"template":"","format":"standard","meta":{"footnotes":""},"categories":[241,235],"tags":[],"class_list":{"0":"post-95122","1":"post","2":"type-post","3":"status-publish","4":"format-standard","5":"has-post-thumbnail","7":"category-aktualitet","8":"category-vendi"},"_links":{"self":[{"href":"https:\/\/zjarr.tv\/sq\/wp-json\/wp\/v2\/posts\/95122","targetHints":{"allow":["GET"]}}],"collection":[{"href":"https:\/\/zjarr.tv\/sq\/wp-json\/wp\/v2\/posts"}],"about":[{"href":"https:\/\/zjarr.tv\/sq\/wp-json\/wp\/v2\/types\/post"}],"author":[{"embeddable":true,"href":"https:\/\/zjarr.tv\/sq\/wp-json\/wp\/v2\/users\/2013"}],"replies":[{"embeddable":true,"href":"https:\/\/zjarr.tv\/sq\/wp-json\/wp\/v2\/comments?post=95122"}],"version-history":[{"count":0,"href":"https:\/\/zjarr.tv\/sq\/wp-json\/wp\/v2\/posts\/95122\/revisions"}],"wp:featuredmedia":[{"embeddable":true,"href":"https:\/\/zjarr.tv\/sq\/wp-json\/wp\/v2\/media\/95032"}],"wp:attachment":[{"href":"https:\/\/zjarr.tv\/sq\/wp-json\/wp\/v2\/media?parent=95122"}],"wp:term":[{"taxonomy":"category","embeddable":true,"href":"https:\/\/zjarr.tv\/sq\/wp-json\/wp\/v2\/categories?post=95122"},{"taxonomy":"post_tag","embeddable":true,"href":"https:\/\/zjarr.tv\/sq\/wp-json\/wp\/v2\/tags?post=95122"}],"curies":[{"name":"wp","href":"https:\/\/api.w.org\/{rel}","templated":true}]}}