{"id":95168,"date":"2019-07-09T16:20:22","date_gmt":"2019-07-09T14:20:22","guid":{"rendered":"https:\/\/zjarr.tv\/?p=95168"},"modified":"2019-07-09T16:20:22","modified_gmt":"2019-07-09T14:20:22","slug":"petrit-vasili-ka-nje-pyetje-per-ambasadoret-kush-e-mban-nje-kryeminister-te-1913-es","status":"publish","type":"post","link":"https:\/\/zjarr.tv\/sq\/petrit-vasili-ka-nje-pyetje-per-ambasadoret-kush-e-mban-nje-kryeminister-te-1913-es\/","title":{"rendered":"Petrit Vasili ka nj\u00eb pyetje p\u00ebr ambasador\u00ebt: Kush e mban nj\u00eb kryeminist\u00ebr t\u00eb 1913-\u00ebs?!"},"content":{"rendered":"<p>Pas replik\u00ebs s\u00eb ambasadorit t\u00eb Austris\u00eb n\u00eb Tiran\u00eb me kryetaren e bashkis\u00eb s\u00eb Shkodr\u00ebs, Voltana Ademi t\u00eb cil\u00ebs i kujtoi se jemi n\u00eb vitin 2019 dhe jo n\u00eb 1913, n\u00eb debat \u00ebsht\u00eb p\u00ebrfshir\u00eb edhe n\u00ebnkryetari i LSI-s\u00eb Petrit Vasili.<\/p>\n<p>N\u00ebp\u00ebrmjet nj\u00eb postimi n\u00eb faqen e tij Facebook, Vasili ka hedhur siluruar ambasadorin Johann Sattler dhe nj\u00eb pjes\u00eb t\u00eb nd\u00ebrkomb\u00ebtar\u00ebve n\u00eb Tiran\u00eb duke akuzuar se disa prej tyre kan\u00eb b\u00ebr\u00eb vet\u00ebm pushime n\u00eb Shqip\u00ebri dhe nuk kan\u00eb v\u00ebzhguar realitetit. Sipas eksponentit t\u00eb lart\u00eb t\u00eb LSI, nj\u00eb nd\u00ebr arsyet se p\u00ebrse Shqip\u00ebria jeton akoma me nj\u00eb kryeminist\u00ebr t\u00eb 1913-\u00ebs, \u00ebsht\u00eb edhe kjo, nd\u00ebrsa shton se, mos e dh\u00ebnt\u00eb zoti, q\u00eb pushimet e tyre t\u00eb ken\u00eb qen\u00eb t\u00eb sponsorizuara nga vet\u00eb kreu i qeveris\u00eb, q\u00eb sipas tij b\u00ebn votime moniste n\u00eb \u201cdemokraci\u201d.<\/p>\n<p>\u201cShqiperia jeton akoma (edhe per shume pak kohe) nen nje kryeminister te 1913, edhe sepse disa ambasadore kane bere vetem e vetem pushime ne Shqiperi, mos e dhente zoti te sponsorizuar nga vete kryeministri qe ben votime moniste, qe s\u2019gjenden m\u00eb as ne Afriken e zeze. Keto votime per faqe te zeze, ku kryeministri vjedh edhe veten e behet gazi i botes disa\u2026.nuk i shohin. Dhe pastaj na thone didaskalirat e integrimit europian\u2026Integrim europian me monizem ua ua ua.\u201d, shkruan Vasili.<\/p>\n","protected":false},"excerpt":{"rendered":"<p>Pas replik\u00ebs s\u00eb ambasadorit t\u00eb Austris\u00eb n\u00eb Tiran\u00eb me kryetaren e bashkis\u00eb s\u00eb Shkodr\u00ebs, Voltana Ademi t\u00eb cil\u00ebs i kujtoi se jemi n\u00eb vitin 2019 dhe jo n\u00eb 1913, n\u00eb debat \u00ebsht\u00eb p\u00ebrfshir\u00eb edhe n\u00ebnkryetari i LSI-s\u00eb Petrit Vasili. N\u00ebp\u00ebrmjet nj\u00eb postimi n\u00eb faqen e tij Facebook, Vasili ka hedhur siluruar ambasadorin Johann Sattler dhe [&hellip;]<\/p>\n","protected":false},"author":2013,"featured_media":70162,"comment_status":"open","ping_status":"closed","sticky":false,"template":"","format":"standard","meta":{"footnotes":""},"categories":[241,235],"tags":[],"class_list":{"0":"post-95168","1":"post","2":"type-post","3":"status-publish","4":"format-standard","5":"has-post-thumbnail","7":"category-aktualitet","8":"category-vendi"},"_links":{"self":[{"href":"https:\/\/zjarr.tv\/sq\/wp-json\/wp\/v2\/posts\/95168","targetHints":{"allow":["GET"]}}],"collection":[{"href":"https:\/\/zjarr.tv\/sq\/wp-json\/wp\/v2\/posts"}],"about":[{"href":"https:\/\/zjarr.tv\/sq\/wp-json\/wp\/v2\/types\/post"}],"author":[{"embeddable":true,"href":"https:\/\/zjarr.tv\/sq\/wp-json\/wp\/v2\/users\/2013"}],"replies":[{"embeddable":true,"href":"https:\/\/zjarr.tv\/sq\/wp-json\/wp\/v2\/comments?post=95168"}],"version-history":[{"count":0,"href":"https:\/\/zjarr.tv\/sq\/wp-json\/wp\/v2\/posts\/95168\/revisions"}],"wp:featuredmedia":[{"embeddable":true,"href":"https:\/\/zjarr.tv\/sq\/wp-json\/wp\/v2\/media\/70162"}],"wp:attachment":[{"href":"https:\/\/zjarr.tv\/sq\/wp-json\/wp\/v2\/media?parent=95168"}],"wp:term":[{"taxonomy":"category","embeddable":true,"href":"https:\/\/zjarr.tv\/sq\/wp-json\/wp\/v2\/categories?post=95168"},{"taxonomy":"post_tag","embeddable":true,"href":"https:\/\/zjarr.tv\/sq\/wp-json\/wp\/v2\/tags?post=95168"}],"curies":[{"name":"wp","href":"https:\/\/api.w.org\/{rel}","templated":true}]}}